{"id":19063,"date":"2025-03-11T09:45:58","date_gmt":"2025-03-11T12:45:58","guid":{"rendered":"https:\/\/www.miguelfaccio.com.br\/blog\/?p=19063"},"modified":"2025-03-11T09:46:00","modified_gmt":"2025-03-11T12:46:00","slug":"plv4035-livro-27-diario-01-10-2022","status":"publish","type":"post","link":"https:\/\/www.miguelfaccio.com.br\/blog\/index.php\/plv4035-livro-27-diario-01-10-2022\/","title":{"rendered":"PLV4035 \u2013 Livro 27 \u2013 Di\u00e1rio, 01\/10\/2022"},"content":{"rendered":"\n<p class=\"has-text-align-right\"><strong>01\/10\/2022<\/strong><\/p>\n\n\n\n<p>A vida \u00e9 muito preciosa para ser desperdi\u00e7ada com quinquilharias, falo das coisas materiais, que em muito pouco acrescem ao que, em realidade, \u00e9 a vida. A vida \u00e9 muito mais do que um corpo f\u00edsico. Por isso h\u00e1 a necessidade premente de buscar a outra parte do agregado humano que \u00e9 a ess\u00eancia, o esp\u00edrito. \u00c9 aqui que est\u00e1 a sede da vida, aquilo que d\u00e1 a pr\u00f3pria exist\u00eancia da mat\u00e9ria como tal, como tamb\u00e9m ao corpo f\u00edsico que se torna um instrumento para que essa vida possa florescer, criar frutos e, em s\u00edntese, evoluir. Tudo o que for apenas para a satisfa\u00e7\u00e3o do corpo, de nada vale, serve somente para desviar do consciente do corpo sua principal fun\u00e7\u00e3o que \u00e9 ser um bom instrumento para o esp\u00edrito. Auxiliando a evoluir, evolui tamb\u00e9m. O corpo f\u00edsico, com raras exce\u00e7\u00f5es, \u00e9 o espelho do esp\u00edrito. Em sua grande maioria, ele est\u00e1 apresentando aquilo que o esp\u00edrito \u00e9. Essas exce\u00e7\u00f5es normalmente representam carmas pesados que o esp\u00edrito precisa resgatar. Assim, o corpo se torna o respons\u00e1vel, toma sobre si, a incumb\u00eancia de resgatar aqueles carmas. Apesar de, aparentemente, parecer que o corpo sofre, mas os \u00e1tomos que formam e participam no resgate do esp\u00edrito recebem, tamb\u00e9m, o benef\u00edcio da evolu\u00e7\u00e3o. O \u00e1tomo, apesar de ser a menor part\u00edcula de vida na mat\u00e9ria, evolui e recebe os benef\u00edcios por ter participado da evolu\u00e7\u00e3o da vida que est\u00e1 dentro do corpo f\u00edsico.<\/p>\n","protected":false},"excerpt":{"rendered":"<p>01\/10\/2022 A vida \u00e9 muito preciosa para ser desperdi\u00e7ada com quinquilharias, falo das coisas materiais, que em muito pouco acrescem ao que, em realidade, \u00e9 a vida. A vida \u00e9 muito mais do que um corpo f\u00edsico. Por isso h\u00e1 a necessidade premente de buscar a outra parte do agregado humano que \u00e9 a ess\u00eancia, [&hellip;]<\/p>\n","protected":false},"author":1,"featured_media":0,"comment_status":"open","ping_status":"open","sticky":false,"template":"","format":"standard","meta":{"_mi_skip_tracking":false},"categories":[33],"tags":[],"_links":{"self":[{"href":"https:\/\/www.miguelfaccio.com.br\/blog\/index.php\/wp-json\/wp\/v2\/posts\/19063"}],"collection":[{"href":"https:\/\/www.miguelfaccio.com.br\/blog\/index.php\/wp-json\/wp\/v2\/posts"}],"about":[{"href":"https:\/\/www.miguelfaccio.com.br\/blog\/index.php\/wp-json\/wp\/v2\/types\/post"}],"author":[{"embeddable":true,"href":"https:\/\/www.miguelfaccio.com.br\/blog\/index.php\/wp-json\/wp\/v2\/users\/1"}],"replies":[{"embeddable":true,"href":"https:\/\/www.miguelfaccio.com.br\/blog\/index.php\/wp-json\/wp\/v2\/comments?post=19063"}],"version-history":[{"count":1,"href":"https:\/\/www.miguelfaccio.com.br\/blog\/index.php\/wp-json\/wp\/v2\/posts\/19063\/revisions"}],"predecessor-version":[{"id":19064,"href":"https:\/\/www.miguelfaccio.com.br\/blog\/index.php\/wp-json\/wp\/v2\/posts\/19063\/revisions\/19064"}],"wp:attachment":[{"href":"https:\/\/www.miguelfaccio.com.br\/blog\/index.php\/wp-json\/wp\/v2\/media?parent=19063"}],"wp:term":[{"taxonomy":"category","embeddable":true,"href":"https:\/\/www.miguelfaccio.com.br\/blog\/index.php\/wp-json\/wp\/v2\/categories?post=19063"},{"taxonomy":"post_tag","embeddable":true,"href":"https:\/\/www.miguelfaccio.com.br\/blog\/index.php\/wp-json\/wp\/v2\/tags?post=19063"}],"curies":[{"name":"wp","href":"https:\/\/api.w.org\/{rel}","templated":true}]}}