{"id":19059,"date":"2025-03-10T09:24:37","date_gmt":"2025-03-10T12:24:37","guid":{"rendered":"https:\/\/www.miguelfaccio.com.br\/blog\/?p=19059"},"modified":"2025-03-10T09:24:39","modified_gmt":"2025-03-10T12:24:39","slug":"plv4034-livro-27-diario-30-09-2022","status":"publish","type":"post","link":"https:\/\/www.miguelfaccio.com.br\/blog\/index.php\/plv4034-livro-27-diario-30-09-2022\/","title":{"rendered":"PLV4034 \u2013 Livro 27 \u2013 Di\u00e1rio, 30\/09\/2022"},"content":{"rendered":"\n<p class=\"has-text-align-right\"><strong>30\/09\/2022<\/strong><\/p>\n\n\n\n<p>Precisamos nos conscientizar que as atitudes e atos do corpo \u00e9 que v\u00e3o auxiliar ou dificultar a evolu\u00e7\u00e3o do pr\u00f3prio esp\u00edrito. Ignoramos isso e continuamos a nos ater somente \u00e0s coisas materiais. Enquanto o consciente exterior do corpo f\u00edsico n\u00e3o se conscientizar de sua realidade maior, que \u00e9 formado por dois princ\u00edpios que se completam e se complementam, seu corpo f\u00edsico e seu esp\u00edrito, alma, ou ess\u00eancia, ter\u00e1 dificuldade de conseguir ajudar seu esp\u00edrito a evoluir. Em s\u00edntese, o corpo \u201csou eu\u201d, o esp\u00edrito tamb\u00e9m \u201csou eu\u201d. O Cristo disse que: \u201cVossa m\u00e3o esquerda n\u00e3o saiba o que d\u00e1 vossa m\u00e3o direita\u201d, mas Ele n\u00e3o disse que as duas m\u00e3os seguram a bandeja da doa\u00e7\u00e3o. O que o Cristo disse \u00e9 que n\u00e3o se deveria doar para aparecer para o mundo, mas dar desapegadamente. Precisamos ver o sentido atr\u00e1s das palavras. O esp\u00edrito, a m\u00e3o direita \u201cd\u00e1\u201d ao corpo o que ele precisa. O corpo, a m\u00e3o esquerda, n\u00e3o sabe o que recebeu do esp\u00edrito por isso precisam se conscientizar que o esp\u00edrito, m\u00e3o direita e o corpo m\u00e3o esquerda, precisam se unir para segurar a bandeja, isto \u00e9 ajudar o esp\u00edrito a evoluir. Esta \u00e9 a fun\u00e7\u00e3o maior do corpo, ser um bom instrumento para o esp\u00edrito evoluir e os \u00e1tomos do corpo, com isso, evoluem tamb\u00e9m. \u00c9 esta a forma do esp\u00edrito alcan\u00e7ar a mestria e os \u00e1tomos que formam o corpo, com o tempo, podem passar para outro n\u00edvel evolutivo.<\/p>\n","protected":false},"excerpt":{"rendered":"<p>30\/09\/2022 Precisamos nos conscientizar que as atitudes e atos do corpo \u00e9 que v\u00e3o auxiliar ou dificultar a evolu\u00e7\u00e3o do pr\u00f3prio esp\u00edrito. Ignoramos isso e continuamos a nos ater somente \u00e0s coisas materiais. Enquanto o consciente exterior do corpo f\u00edsico n\u00e3o se conscientizar de sua realidade maior, que \u00e9 formado por dois princ\u00edpios que se [&hellip;]<\/p>\n","protected":false},"author":1,"featured_media":0,"comment_status":"open","ping_status":"open","sticky":false,"template":"","format":"standard","meta":{"_mi_skip_tracking":false},"categories":[33],"tags":[],"_links":{"self":[{"href":"https:\/\/www.miguelfaccio.com.br\/blog\/index.php\/wp-json\/wp\/v2\/posts\/19059"}],"collection":[{"href":"https:\/\/www.miguelfaccio.com.br\/blog\/index.php\/wp-json\/wp\/v2\/posts"}],"about":[{"href":"https:\/\/www.miguelfaccio.com.br\/blog\/index.php\/wp-json\/wp\/v2\/types\/post"}],"author":[{"embeddable":true,"href":"https:\/\/www.miguelfaccio.com.br\/blog\/index.php\/wp-json\/wp\/v2\/users\/1"}],"replies":[{"embeddable":true,"href":"https:\/\/www.miguelfaccio.com.br\/blog\/index.php\/wp-json\/wp\/v2\/comments?post=19059"}],"version-history":[{"count":1,"href":"https:\/\/www.miguelfaccio.com.br\/blog\/index.php\/wp-json\/wp\/v2\/posts\/19059\/revisions"}],"predecessor-version":[{"id":19060,"href":"https:\/\/www.miguelfaccio.com.br\/blog\/index.php\/wp-json\/wp\/v2\/posts\/19059\/revisions\/19060"}],"wp:attachment":[{"href":"https:\/\/www.miguelfaccio.com.br\/blog\/index.php\/wp-json\/wp\/v2\/media?parent=19059"}],"wp:term":[{"taxonomy":"category","embeddable":true,"href":"https:\/\/www.miguelfaccio.com.br\/blog\/index.php\/wp-json\/wp\/v2\/categories?post=19059"},{"taxonomy":"post_tag","embeddable":true,"href":"https:\/\/www.miguelfaccio.com.br\/blog\/index.php\/wp-json\/wp\/v2\/tags?post=19059"}],"curies":[{"name":"wp","href":"https:\/\/api.w.org\/{rel}","templated":true}]}}