{"id":19055,"date":"2025-03-09T08:52:01","date_gmt":"2025-03-09T11:52:01","guid":{"rendered":"https:\/\/www.miguelfaccio.com.br\/blog\/?p=19055"},"modified":"2025-03-09T08:52:03","modified_gmt":"2025-03-09T11:52:03","slug":"plv4033-livro-27-diario-29-09-2022","status":"publish","type":"post","link":"https:\/\/www.miguelfaccio.com.br\/blog\/index.php\/plv4033-livro-27-diario-29-09-2022\/","title":{"rendered":"PLV4033 \u2013 Livro 27 \u2013 Di\u00e1rio, 29\/09\/2022"},"content":{"rendered":"\n<p class=\"has-text-align-right\"><strong>29\/09\/2022<\/strong><\/p>\n\n\n\n<p>O consciente exterior do corpo f\u00edsico n\u00e3o nos d\u00e1 suficientemente informa\u00e7\u00f5es para que o corpo possa ir construindo conscientemente a evolu\u00e7\u00e3o do esp\u00edrito. O consciente tamb\u00e9m n\u00e3o tem, pois n\u00e3o passou pelos seus sentidos, e, sabemos que, o que reside no consciente exterior \u00e9 s\u00f3 aquilo que passou pelos seus sentidos f\u00edsicos ou emocionais. Mas, uma coisa que ele pode muito bem fazer \u00e9 dispor-se a receber assim intui\u00e7\u00f5es de seu esp\u00edrito. Muita coisa ele poder\u00e1 receber, se for bastante d\u00f3cil \u00e0s intui\u00e7\u00f5es que seu esp\u00edrito lhe envia. Por isso a import\u00e2ncia em receber essas intui\u00e7\u00f5es e aceit\u00e1-las. Normalmente n\u00e3o s\u00e3o aceitas porque v\u00e3o interferir nas suas prefer\u00eancias materiais, e a mat\u00e9ria, muitas vezes, contraria as necessidades do esp\u00edrito. Apesar de que sejam duas energias diferentes, mas elas se necessitam, para a mat\u00e9ria poder existir e se complementam. Por isso a mat\u00e9ria tamb\u00e9m precisa evoluir para que possa melhor estreitar os la\u00e7os com o esp\u00edrito, que \u00e9 quem lhe d\u00e1 a exist\u00eancia, e dela precisa para poder experienciar os conhecimentos e assim evoluir. A falta de conhecimentos com rela\u00e7\u00e3o a isso, \u00e9 que torna mais dif\u00edcil a intercomunica\u00e7\u00e3o da mat\u00e9ria com o esp\u00edrito, que, pode-se dizer, freia a evolu\u00e7\u00e3o tanto da pr\u00f3pria mat\u00e9ria como do esp\u00edrito. Por isso a import\u00e2ncia de os pais passarem mais informa\u00e7\u00f5es a seus filhos, com refer\u00eancia a essa energia chamada de alma ou esp\u00edrito.<\/p>\n","protected":false},"excerpt":{"rendered":"<p>29\/09\/2022 O consciente exterior do corpo f\u00edsico n\u00e3o nos d\u00e1 suficientemente informa\u00e7\u00f5es para que o corpo possa ir construindo conscientemente a evolu\u00e7\u00e3o do esp\u00edrito. O consciente tamb\u00e9m n\u00e3o tem, pois n\u00e3o passou pelos seus sentidos, e, sabemos que, o que reside no consciente exterior \u00e9 s\u00f3 aquilo que passou pelos seus sentidos f\u00edsicos ou emocionais. [&hellip;]<\/p>\n","protected":false},"author":1,"featured_media":0,"comment_status":"open","ping_status":"open","sticky":false,"template":"","format":"standard","meta":{"_mi_skip_tracking":false},"categories":[33],"tags":[],"_links":{"self":[{"href":"https:\/\/www.miguelfaccio.com.br\/blog\/index.php\/wp-json\/wp\/v2\/posts\/19055"}],"collection":[{"href":"https:\/\/www.miguelfaccio.com.br\/blog\/index.php\/wp-json\/wp\/v2\/posts"}],"about":[{"href":"https:\/\/www.miguelfaccio.com.br\/blog\/index.php\/wp-json\/wp\/v2\/types\/post"}],"author":[{"embeddable":true,"href":"https:\/\/www.miguelfaccio.com.br\/blog\/index.php\/wp-json\/wp\/v2\/users\/1"}],"replies":[{"embeddable":true,"href":"https:\/\/www.miguelfaccio.com.br\/blog\/index.php\/wp-json\/wp\/v2\/comments?post=19055"}],"version-history":[{"count":1,"href":"https:\/\/www.miguelfaccio.com.br\/blog\/index.php\/wp-json\/wp\/v2\/posts\/19055\/revisions"}],"predecessor-version":[{"id":19056,"href":"https:\/\/www.miguelfaccio.com.br\/blog\/index.php\/wp-json\/wp\/v2\/posts\/19055\/revisions\/19056"}],"wp:attachment":[{"href":"https:\/\/www.miguelfaccio.com.br\/blog\/index.php\/wp-json\/wp\/v2\/media?parent=19055"}],"wp:term":[{"taxonomy":"category","embeddable":true,"href":"https:\/\/www.miguelfaccio.com.br\/blog\/index.php\/wp-json\/wp\/v2\/categories?post=19055"},{"taxonomy":"post_tag","embeddable":true,"href":"https:\/\/www.miguelfaccio.com.br\/blog\/index.php\/wp-json\/wp\/v2\/tags?post=19055"}],"curies":[{"name":"wp","href":"https:\/\/api.w.org\/{rel}","templated":true}]}}