{"id":19047,"date":"2025-03-07T09:11:51","date_gmt":"2025-03-07T12:11:51","guid":{"rendered":"https:\/\/www.miguelfaccio.com.br\/blog\/?p=19047"},"modified":"2025-03-07T09:12:00","modified_gmt":"2025-03-07T12:12:00","slug":"plv4031-livro-27-diario-27-09-2022","status":"publish","type":"post","link":"https:\/\/www.miguelfaccio.com.br\/blog\/index.php\/plv4031-livro-27-diario-27-09-2022\/","title":{"rendered":"PLV4031 \u2013 Livro 27 \u2013 Di\u00e1rio, 27\/09\/2022"},"content":{"rendered":"\n<p class=\"has-text-align-right\"><strong>27\/09\/2022<\/strong><\/p>\n\n\n\n<p>As mudan\u00e7as s\u00e3o necess\u00e1rias. Altera o ar que se respira, alterar a energia e at\u00e9 o modo de viver das pessoas. Isso tudo interfere no pr\u00f3prio ser humano, lhe d\u00e1 impulsos de uma vida. \u00c9 o que precisamos a cada dia, de uma nova vida, um novo recome\u00e7o, somando sempre \u00e0s conquistas j\u00e1 adquiridas, e sua soma leva \u00e0 evolu\u00e7\u00e3o do esp\u00edrito humano. \u00c9 o que estou tentando fazer, por necessidades que se somam, por experi\u00eancias que se aglutinam, lenta e paulatinamente se avan\u00e7a no caminho da mestria, e da\u00ed em diante o universo se torna seu aliado, quando deixa de viver uma individualidade para ser uma coletividade universal. Precisa muito andar para chegar l\u00e1, porque todos, quando fomos criados, \u00e9ramos simples e ignorantes e tivemos que pela experiencia\u00e7\u00e3o, pela vontade e pela escolha alcan\u00e7ar o patamar evolutivo em que estamos agora, isso n\u00e3o \u00e9 o final, o final \u00e9 de acordo com as palavras de Jesus: \u201c<em>Sede perfeitos como perfeito \u00e9 nosso Pai que est\u00e1 nos c\u00e9us<\/em>\u201d. Precisamos fazer a nossa parte para chegar a esse patamar evolutivo.<\/p>\n","protected":false},"excerpt":{"rendered":"<p>27\/09\/2022 As mudan\u00e7as s\u00e3o necess\u00e1rias. Altera o ar que se respira, alterar a energia e at\u00e9 o modo de viver das pessoas. Isso tudo interfere no pr\u00f3prio ser humano, lhe d\u00e1 impulsos de uma vida. \u00c9 o que precisamos a cada dia, de uma nova vida, um novo recome\u00e7o, somando sempre \u00e0s conquistas j\u00e1 adquiridas, [&hellip;]<\/p>\n","protected":false},"author":1,"featured_media":0,"comment_status":"open","ping_status":"open","sticky":false,"template":"","format":"standard","meta":{"_mi_skip_tracking":false},"categories":[33],"tags":[],"_links":{"self":[{"href":"https:\/\/www.miguelfaccio.com.br\/blog\/index.php\/wp-json\/wp\/v2\/posts\/19047"}],"collection":[{"href":"https:\/\/www.miguelfaccio.com.br\/blog\/index.php\/wp-json\/wp\/v2\/posts"}],"about":[{"href":"https:\/\/www.miguelfaccio.com.br\/blog\/index.php\/wp-json\/wp\/v2\/types\/post"}],"author":[{"embeddable":true,"href":"https:\/\/www.miguelfaccio.com.br\/blog\/index.php\/wp-json\/wp\/v2\/users\/1"}],"replies":[{"embeddable":true,"href":"https:\/\/www.miguelfaccio.com.br\/blog\/index.php\/wp-json\/wp\/v2\/comments?post=19047"}],"version-history":[{"count":1,"href":"https:\/\/www.miguelfaccio.com.br\/blog\/index.php\/wp-json\/wp\/v2\/posts\/19047\/revisions"}],"predecessor-version":[{"id":19048,"href":"https:\/\/www.miguelfaccio.com.br\/blog\/index.php\/wp-json\/wp\/v2\/posts\/19047\/revisions\/19048"}],"wp:attachment":[{"href":"https:\/\/www.miguelfaccio.com.br\/blog\/index.php\/wp-json\/wp\/v2\/media?parent=19047"}],"wp:term":[{"taxonomy":"category","embeddable":true,"href":"https:\/\/www.miguelfaccio.com.br\/blog\/index.php\/wp-json\/wp\/v2\/categories?post=19047"},{"taxonomy":"post_tag","embeddable":true,"href":"https:\/\/www.miguelfaccio.com.br\/blog\/index.php\/wp-json\/wp\/v2\/tags?post=19047"}],"curies":[{"name":"wp","href":"https:\/\/api.w.org\/{rel}","templated":true}]}}