{"id":19037,"date":"2025-03-05T09:44:34","date_gmt":"2025-03-05T12:44:34","guid":{"rendered":"https:\/\/www.miguelfaccio.com.br\/blog\/?p=19037"},"modified":"2025-03-05T09:44:36","modified_gmt":"2025-03-05T12:44:36","slug":"plv4029-livro-27-diario-25-09-2022","status":"publish","type":"post","link":"https:\/\/www.miguelfaccio.com.br\/blog\/index.php\/plv4029-livro-27-diario-25-09-2022\/","title":{"rendered":"PLV4029 \u2013 Livro 27 \u2013 Di\u00e1rio, 25\/09\/2022"},"content":{"rendered":"\n<p class=\"has-text-align-right\"><strong>25\/09\/2022<\/strong><\/p>\n\n\n\n<p>Est\u00e1 dif\u00edcil para esta humanidade entender e aceitar quem realmente \u00e9, o que representa esta sua passagem, novamente, por um corpo f\u00edsico. Poucas s\u00e3o as filosofias que admitem que a nossa vida atual se divide em duas partes. Resgatar erros do passado e preparar a vida para o futuro. Poucos s\u00e3o os que aceitam isso como uma realidade. O que precisa \u00e9 estender nosso racioc\u00ednio al\u00e9m do corpo f\u00edsico atual, porque o corpo f\u00edsico apenas faz parte de um pequeno espa\u00e7o da vida da ess\u00eancia, da alma, do esp\u00edrito. Quando se consegue ultrapassar os limites do corpo f\u00edsico, tem-se ent\u00e3o a vis\u00e3o, o entendimento da outra parte de nosso agregado humano, mat\u00e9ria\/esp\u00edrito. V\u00ea-se, dessa forma, que a o atual corpo pertence apenas a um curto espa\u00e7o da vida do esp\u00edrito. Ele est\u00e1 a\u00ed para cumprir essas duas atividades essenciais: criar e resgatar. Dentro dessas duas atividades passa a experienciar conhecimentos novos, que s\u00e3o de vital import\u00e2ncia para a evolu\u00e7\u00e3o do esp\u00edrito. O esp\u00edrito precisa experienciar os conhecimentos na mat\u00e9ria para que possa intelectualizar e fixar em seu consciente, \u00e9 esse o el\u00e3 que precisa para sua evolu\u00e7\u00e3o espiritual. O corpo pode ignorar tudo isso, mas o esp\u00edrito \u00e9 o obreiro que labora toda a atividade do corpo para ser-lhe um bom instrumento. Aos poucos, de corpo em corpo, vai desenvolvendo sua intelectualiza\u00e7\u00e3o e conscientemente sua evolu\u00e7\u00e3o.<\/p>\n","protected":false},"excerpt":{"rendered":"<p>25\/09\/2022 Est\u00e1 dif\u00edcil para esta humanidade entender e aceitar quem realmente \u00e9, o que representa esta sua passagem, novamente, por um corpo f\u00edsico. Poucas s\u00e3o as filosofias que admitem que a nossa vida atual se divide em duas partes. Resgatar erros do passado e preparar a vida para o futuro. Poucos s\u00e3o os que aceitam [&hellip;]<\/p>\n","protected":false},"author":1,"featured_media":0,"comment_status":"open","ping_status":"open","sticky":false,"template":"","format":"standard","meta":{"_mi_skip_tracking":false},"categories":[33],"tags":[],"_links":{"self":[{"href":"https:\/\/www.miguelfaccio.com.br\/blog\/index.php\/wp-json\/wp\/v2\/posts\/19037"}],"collection":[{"href":"https:\/\/www.miguelfaccio.com.br\/blog\/index.php\/wp-json\/wp\/v2\/posts"}],"about":[{"href":"https:\/\/www.miguelfaccio.com.br\/blog\/index.php\/wp-json\/wp\/v2\/types\/post"}],"author":[{"embeddable":true,"href":"https:\/\/www.miguelfaccio.com.br\/blog\/index.php\/wp-json\/wp\/v2\/users\/1"}],"replies":[{"embeddable":true,"href":"https:\/\/www.miguelfaccio.com.br\/blog\/index.php\/wp-json\/wp\/v2\/comments?post=19037"}],"version-history":[{"count":1,"href":"https:\/\/www.miguelfaccio.com.br\/blog\/index.php\/wp-json\/wp\/v2\/posts\/19037\/revisions"}],"predecessor-version":[{"id":19038,"href":"https:\/\/www.miguelfaccio.com.br\/blog\/index.php\/wp-json\/wp\/v2\/posts\/19037\/revisions\/19038"}],"wp:attachment":[{"href":"https:\/\/www.miguelfaccio.com.br\/blog\/index.php\/wp-json\/wp\/v2\/media?parent=19037"}],"wp:term":[{"taxonomy":"category","embeddable":true,"href":"https:\/\/www.miguelfaccio.com.br\/blog\/index.php\/wp-json\/wp\/v2\/categories?post=19037"},{"taxonomy":"post_tag","embeddable":true,"href":"https:\/\/www.miguelfaccio.com.br\/blog\/index.php\/wp-json\/wp\/v2\/tags?post=19037"}],"curies":[{"name":"wp","href":"https:\/\/api.w.org\/{rel}","templated":true}]}}