{"id":19033,"date":"2025-03-04T09:09:09","date_gmt":"2025-03-04T12:09:09","guid":{"rendered":"https:\/\/www.miguelfaccio.com.br\/blog\/?p=19033"},"modified":"2025-03-04T09:09:11","modified_gmt":"2025-03-04T12:09:11","slug":"plv4028-livro-27-diario-24-09-2022","status":"publish","type":"post","link":"https:\/\/www.miguelfaccio.com.br\/blog\/index.php\/plv4028-livro-27-diario-24-09-2022\/","title":{"rendered":"PLV4028 \u2013 Livro 27 \u2013 Di\u00e1rio, 24\/09\/2022"},"content":{"rendered":"\n<p class=\"has-text-align-right\"><strong>24\/09\/2022<\/strong><\/p>\n\n\n\n<p>Estamos como humanidade terrena apenas nos primeiros passos da evolu\u00e7\u00e3o que precisamos alcan\u00e7ar. A evolu\u00e7\u00e3o \u00e9 um caminho muito longo, ela s\u00f3 se conquista atrav\u00e9s de muito esfor\u00e7o, op\u00e7\u00e3o, persist\u00eancia e muita experiencia\u00e7\u00e3o dos conhecimentos que nos levar\u00e3o, paulatinamente, alcan\u00e7ar essa bem-aventuran\u00e7a, que ainda n\u00e3o \u00e9 o final, porque h\u00e1 muito mais. N\u00e3o se chega l\u00e1 sem que se tenha conseguido dominar a rebeldia de um corpo f\u00edsico, adquirindo muitos conhecimentos e conseguindo comandar o universo e este nos obedecesse. Sabe-se que o universo \u00e9 a fonte, a reserva de todas as coisas, fazendo com que nosso desejo se torne realidade, materializando apenas pelo poder de nosso pensamento. Esta humanidade muito precisa dominar seus instintos, tanto materiais como da influ\u00eancia das sombras, que relutam intensamente para tomar conta deste planeta, mas, a luz conseguir\u00e1 exterminar os redutos que ainda subsistem. Este planeta est\u00e1 sendo preparado para ser uma estrela que ir\u00e1 brilhar intensamente no universo. Mas, para isso, as trevas precisar\u00e3o ser totalmente retiradas daqui. Est\u00e1 na hora da Terra brilhar como quando saiu do pensamento dos Deuses H\u00e9lios e Vesta. Para chegar l\u00e1, muito precisamos ainda de nossos irm\u00e3os das Estrelas.<\/p>\n","protected":false},"excerpt":{"rendered":"<p>24\/09\/2022 Estamos como humanidade terrena apenas nos primeiros passos da evolu\u00e7\u00e3o que precisamos alcan\u00e7ar. A evolu\u00e7\u00e3o \u00e9 um caminho muito longo, ela s\u00f3 se conquista atrav\u00e9s de muito esfor\u00e7o, op\u00e7\u00e3o, persist\u00eancia e muita experiencia\u00e7\u00e3o dos conhecimentos que nos levar\u00e3o, paulatinamente, alcan\u00e7ar essa bem-aventuran\u00e7a, que ainda n\u00e3o \u00e9 o final, porque h\u00e1 muito mais. N\u00e3o se [&hellip;]<\/p>\n","protected":false},"author":1,"featured_media":0,"comment_status":"open","ping_status":"open","sticky":false,"template":"","format":"standard","meta":{"_mi_skip_tracking":false},"categories":[33],"tags":[],"_links":{"self":[{"href":"https:\/\/www.miguelfaccio.com.br\/blog\/index.php\/wp-json\/wp\/v2\/posts\/19033"}],"collection":[{"href":"https:\/\/www.miguelfaccio.com.br\/blog\/index.php\/wp-json\/wp\/v2\/posts"}],"about":[{"href":"https:\/\/www.miguelfaccio.com.br\/blog\/index.php\/wp-json\/wp\/v2\/types\/post"}],"author":[{"embeddable":true,"href":"https:\/\/www.miguelfaccio.com.br\/blog\/index.php\/wp-json\/wp\/v2\/users\/1"}],"replies":[{"embeddable":true,"href":"https:\/\/www.miguelfaccio.com.br\/blog\/index.php\/wp-json\/wp\/v2\/comments?post=19033"}],"version-history":[{"count":1,"href":"https:\/\/www.miguelfaccio.com.br\/blog\/index.php\/wp-json\/wp\/v2\/posts\/19033\/revisions"}],"predecessor-version":[{"id":19034,"href":"https:\/\/www.miguelfaccio.com.br\/blog\/index.php\/wp-json\/wp\/v2\/posts\/19033\/revisions\/19034"}],"wp:attachment":[{"href":"https:\/\/www.miguelfaccio.com.br\/blog\/index.php\/wp-json\/wp\/v2\/media?parent=19033"}],"wp:term":[{"taxonomy":"category","embeddable":true,"href":"https:\/\/www.miguelfaccio.com.br\/blog\/index.php\/wp-json\/wp\/v2\/categories?post=19033"},{"taxonomy":"post_tag","embeddable":true,"href":"https:\/\/www.miguelfaccio.com.br\/blog\/index.php\/wp-json\/wp\/v2\/tags?post=19033"}],"curies":[{"name":"wp","href":"https:\/\/api.w.org\/{rel}","templated":true}]}}