{"id":19027,"date":"2025-03-02T09:22:37","date_gmt":"2025-03-02T12:22:37","guid":{"rendered":"https:\/\/www.miguelfaccio.com.br\/blog\/?p=19027"},"modified":"2025-03-02T09:22:39","modified_gmt":"2025-03-02T12:22:39","slug":"rcd3975-raios-ou-chamas","status":"publish","type":"post","link":"https:\/\/www.miguelfaccio.com.br\/blog\/index.php\/rcd3975-raios-ou-chamas\/","title":{"rendered":"RCD3975 Raios ou Chamas"},"content":{"rendered":"\n<p class=\"has-text-align-right\"><strong>Mestre Kuthumi <br>Atrav\u00e9s de Natalie Glasson<\/strong><br>COMO MANIFESTAR<\/p>\n\n\n\n<p>continua\u00e7\u00e3o<\/p>\n\n\n\n<p>Voc\u00ea pode at\u00e9 imaginar seu objetivo e a energia da realiza\u00e7\u00e3o, sintetizados dentro do espa\u00e7o do seu cora\u00e7\u00e3o, abra\u00e7ados pelo amor; como uma semente que est\u00e1 sendo plantada no universo, no seu ser e na sua realidade, voc\u00ea a segura levemente porque n\u00e3o deseja danificar a semente.<\/p>\n\n\n\n<p>Muitas vezes \u00e9 a mente que segura as coisas firmemente; deve ser assim, deve parecer assim, deve se manifestar at\u00e9 esta data. Este \u00e9 um exemplo de segurar sua semente com muita firmeza.<\/p>\n\n\n\n<p>\u00c9 claro que \u00e9 preciso acreditar e confiar em si mesmo, em suas pr\u00f3prias habilidades de manifesta\u00e7\u00e3o e em seu relacionamento com o Criador e seus guias.<\/p>\n\n\n\n<p>\u00c9 importante perceber que voc\u00ea manifesta diariamente. Tudo o que voc\u00ea vivencia em sua realidade, voc\u00ea manifestou; voc\u00ea atraiu para sua realidade para sua experi\u00eancia, esteja voc\u00ea feliz com isso ou n\u00e3o.<\/p>\n\n\n\n<p>Lembre-se de que voc\u00ea est\u00e1 sempre evoluindo\/mudando\/transformando, ent\u00e3o o que voc\u00ea precisa muda tamb\u00e9m. Algo que voc\u00ea pode ter manifestado um ou dois anos atr\u00e1s, que preencheu sua necessidade naquele momento, pode n\u00e3o ser t\u00e3o satisfat\u00f3rio nestes momentos.<\/p>\n\n\n\n<p>\u00c9 importante confiar em si mesmo e na sua habilidade natural de se manifestar. N\u00e3o \u00e9 que voc\u00ea esteja aprendendo a manifestar, de qualquer forma, porque voc\u00ea j\u00e1 sabe; voc\u00ea tem uma habilidade natural. O que voc\u00ea est\u00e1 conseguindo \u00e9 manifestar algo que \u00e9 caro ao seu cora\u00e7\u00e3o.<\/p>\n\n\n\n<p>\u00c9 importante pensar em seu objetivo com esperan\u00e7a, confian\u00e7a e sabendo que voc\u00ea tem apoio \u2013 emanando essa energia de realiza\u00e7\u00e3o para seu ser e sua realidade.<\/p>\n\n\n\n<p>Voc\u00ea pode se perguntar: \u201cSe essa meta se manifestasse na minha realidade, como seria? Como eu me sentiria emocionalmente, fisicamente? O que eu estaria vestindo? Qual seria o gosto? Qual seria o cheiro?\u201d<\/p>\n\n\n\n<p>Voc\u00ea tem essa energia da meta que voc\u00ea pode cultivar dentro de voc\u00ea e isso \u00e9 mais importante do que qualquer repeti\u00e7\u00e3o de afirma\u00e7\u00f5es ou ideias, porque quando voc\u00ea coloca essa energia em suas c\u00e9lulas, ela naturalmente \u00e9 atra\u00edda para sua realidade.<\/p>\n\n\n\n<p>Como voc\u00ea est\u00e1 emanando essa energia diariamente, tamb\u00e9m h\u00e1 uma necessidade de se questionar. \u201cO que est\u00e1 me segurando? O que est\u00e1 me segurando de manifestar essa meta? Por que ela ainda n\u00e3o se manifestou?\u201d<\/p>\n\n\n\n<p>\u00c9 aqui que voc\u00ea examina onde se sente preso \u2013 suas cren\u00e7as especialmente. Voc\u00ea pode descobrir que tem medo de sua meta se manifestar, ou que tem medo de mudan\u00e7a. Ou talvez haja uma coisa que voc\u00ea simplesmente n\u00e3o consegue deixar ir em sua realidade.<\/p>\n\n\n\n<p>Encoraje-se a explorar cada vez mais profundamente o que est\u00e1 te segurando; o que est\u00e1 te impedindo de vivenciar seu objetivo agora?<\/p>\n\n\n\n<p>continua<\/p>\n","protected":false},"excerpt":{"rendered":"<p>Mestre Kuthumi Atrav\u00e9s de Natalie GlassonCOMO MANIFESTAR continua\u00e7\u00e3o Voc\u00ea pode at\u00e9 imaginar seu objetivo e a energia da realiza\u00e7\u00e3o, sintetizados dentro do espa\u00e7o do seu cora\u00e7\u00e3o, abra\u00e7ados pelo amor; como uma semente que est\u00e1 sendo plantada no universo, no seu ser e na sua realidade, voc\u00ea a segura levemente porque n\u00e3o deseja danificar a semente. [&hellip;]<\/p>\n","protected":false},"author":1,"featured_media":0,"comment_status":"open","ping_status":"open","sticky":false,"template":"","format":"standard","meta":{"_mi_skip_tracking":false},"categories":[3],"tags":[],"_links":{"self":[{"href":"https:\/\/www.miguelfaccio.com.br\/blog\/index.php\/wp-json\/wp\/v2\/posts\/19027"}],"collection":[{"href":"https:\/\/www.miguelfaccio.com.br\/blog\/index.php\/wp-json\/wp\/v2\/posts"}],"about":[{"href":"https:\/\/www.miguelfaccio.com.br\/blog\/index.php\/wp-json\/wp\/v2\/types\/post"}],"author":[{"embeddable":true,"href":"https:\/\/www.miguelfaccio.com.br\/blog\/index.php\/wp-json\/wp\/v2\/users\/1"}],"replies":[{"embeddable":true,"href":"https:\/\/www.miguelfaccio.com.br\/blog\/index.php\/wp-json\/wp\/v2\/comments?post=19027"}],"version-history":[{"count":1,"href":"https:\/\/www.miguelfaccio.com.br\/blog\/index.php\/wp-json\/wp\/v2\/posts\/19027\/revisions"}],"predecessor-version":[{"id":19028,"href":"https:\/\/www.miguelfaccio.com.br\/blog\/index.php\/wp-json\/wp\/v2\/posts\/19027\/revisions\/19028"}],"wp:attachment":[{"href":"https:\/\/www.miguelfaccio.com.br\/blog\/index.php\/wp-json\/wp\/v2\/media?parent=19027"}],"wp:term":[{"taxonomy":"category","embeddable":true,"href":"https:\/\/www.miguelfaccio.com.br\/blog\/index.php\/wp-json\/wp\/v2\/categories?post=19027"},{"taxonomy":"post_tag","embeddable":true,"href":"https:\/\/www.miguelfaccio.com.br\/blog\/index.php\/wp-json\/wp\/v2\/tags?post=19027"}],"curies":[{"name":"wp","href":"https:\/\/api.w.org\/{rel}","templated":true}]}}