{"id":19025,"date":"2025-03-02T09:18:48","date_gmt":"2025-03-02T12:18:48","guid":{"rendered":"https:\/\/www.miguelfaccio.com.br\/blog\/?p=19025"},"modified":"2025-03-02T09:18:51","modified_gmt":"2025-03-02T12:18:51","slug":"plv4026-livro-27-diario-22-09-2022","status":"publish","type":"post","link":"https:\/\/www.miguelfaccio.com.br\/blog\/index.php\/plv4026-livro-27-diario-22-09-2022\/","title":{"rendered":"PLV4026 \u2013 Livro 27 \u2013 Di\u00e1rio, 22\/09\/2022"},"content":{"rendered":"\n<p class=\"has-text-align-right\"><strong>22\/09\/2022<\/strong><\/p>\n\n\n\n<p>Este nosso retiro volunt\u00e1rio que fazemos em nosso corpo f\u00edsico, s\u00e3o apenas est\u00e1gios evolutivos, intelectualiza\u00e7\u00e3o de conhecimentos e sentir, um pouco, pondo em pr\u00e1tica nosso Deus interior. Aquele exerc\u00edcio que a humanidade custa tanto em aprender e p\u00f4r em pr\u00e1tica. Esse \u201c<em>V\u00f3s sois Deuses<\/em>\u201d, essa presen\u00e7a Divina, o \u201cEU SOU\u201d, esse Deus interior, precisa ser descoberto e entregar nossa vida a Ele. Ele \u00e9 que age dentro e fora de cada ser, mas sempre vinculado \u00e0 vontade, \u00e0 op\u00e7\u00e3o do ser humano. \u00c9 para chegar a esse est\u00e1gio evolutivo que o esp\u00edrito desce a mat\u00e9ria, vincula-se a um corpo f\u00edsico para experienciar o conhecimento, para que seu consciente se desenvolva ao ponto de seu pensamento, atrav\u00e9s do poder do Deus interior, criar tudo o que quer, retirando da Fonte Universal, precipitando-se, para cumprir seu desejo. Isso n\u00e3o se realiza de uma encarna\u00e7\u00e3o \u00e0 outra, leva muito tempo de exerc\u00edcio, precisamos sempre d\u00e1 aquiesc\u00eancia do consciente exterior do corpo f\u00edsico. N\u00e3o importa o tempo que leve, precisa estar sempre ligado ao seu Deus interior que \u00e9 quem o impulsiona e lhe lembra sempre de seu objetivo de cria\u00e7\u00e3o, a mestria. O consciente exterior do corpo precisa abra\u00e7ar, junto com o esp\u00edrito, esse desenvolvimento, porque, no momento em que o esp\u00edrito conseguir, o corpo ir\u00e1 junto e tornar-se-\u00e1 imortal como seu esp\u00edrito.<\/p>\n\n\n\n<p><\/p>\n","protected":false},"excerpt":{"rendered":"<p>22\/09\/2022 Este nosso retiro volunt\u00e1rio que fazemos em nosso corpo f\u00edsico, s\u00e3o apenas est\u00e1gios evolutivos, intelectualiza\u00e7\u00e3o de conhecimentos e sentir, um pouco, pondo em pr\u00e1tica nosso Deus interior. Aquele exerc\u00edcio que a humanidade custa tanto em aprender e p\u00f4r em pr\u00e1tica. Esse \u201cV\u00f3s sois Deuses\u201d, essa presen\u00e7a Divina, o \u201cEU SOU\u201d, esse Deus interior, precisa [&hellip;]<\/p>\n","protected":false},"author":1,"featured_media":0,"comment_status":"open","ping_status":"open","sticky":false,"template":"","format":"standard","meta":{"_mi_skip_tracking":false},"categories":[33],"tags":[],"_links":{"self":[{"href":"https:\/\/www.miguelfaccio.com.br\/blog\/index.php\/wp-json\/wp\/v2\/posts\/19025"}],"collection":[{"href":"https:\/\/www.miguelfaccio.com.br\/blog\/index.php\/wp-json\/wp\/v2\/posts"}],"about":[{"href":"https:\/\/www.miguelfaccio.com.br\/blog\/index.php\/wp-json\/wp\/v2\/types\/post"}],"author":[{"embeddable":true,"href":"https:\/\/www.miguelfaccio.com.br\/blog\/index.php\/wp-json\/wp\/v2\/users\/1"}],"replies":[{"embeddable":true,"href":"https:\/\/www.miguelfaccio.com.br\/blog\/index.php\/wp-json\/wp\/v2\/comments?post=19025"}],"version-history":[{"count":1,"href":"https:\/\/www.miguelfaccio.com.br\/blog\/index.php\/wp-json\/wp\/v2\/posts\/19025\/revisions"}],"predecessor-version":[{"id":19026,"href":"https:\/\/www.miguelfaccio.com.br\/blog\/index.php\/wp-json\/wp\/v2\/posts\/19025\/revisions\/19026"}],"wp:attachment":[{"href":"https:\/\/www.miguelfaccio.com.br\/blog\/index.php\/wp-json\/wp\/v2\/media?parent=19025"}],"wp:term":[{"taxonomy":"category","embeddable":true,"href":"https:\/\/www.miguelfaccio.com.br\/blog\/index.php\/wp-json\/wp\/v2\/categories?post=19025"},{"taxonomy":"post_tag","embeddable":true,"href":"https:\/\/www.miguelfaccio.com.br\/blog\/index.php\/wp-json\/wp\/v2\/tags?post=19025"}],"curies":[{"name":"wp","href":"https:\/\/api.w.org\/{rel}","templated":true}]}}