{"id":19015,"date":"2025-02-27T09:23:44","date_gmt":"2025-02-27T12:23:44","guid":{"rendered":"https:\/\/www.miguelfaccio.com.br\/blog\/?p=19015"},"modified":"2025-02-27T09:23:46","modified_gmt":"2025-02-27T12:23:46","slug":"rcd3972-raios-ou-chamas","status":"publish","type":"post","link":"https:\/\/www.miguelfaccio.com.br\/blog\/index.php\/rcd3972-raios-ou-chamas\/","title":{"rendered":"RCD3972 Raios ou Chamas"},"content":{"rendered":"\n<p class=\"has-text-align-right\"><strong>KRYON <br>Atrav\u00e9s de Lee Carroll <\/strong><\/p>\n\n\n\n<p>VOC\u00ca ACHA QUE O SOM \u00c9 SAGRADO?<\/p>\n\n\n\n<p>continua\u00e7\u00e3o<\/p>\n\n\n\n<p>\u00c0 medida que os humanos come\u00e7am a aumentar a frequ\u00eancia e se tornam mais leves em seu caminho para um estado de ascens\u00e3o, em outras palavras, \u00e0 medida que os humanos come\u00e7am a desenvolver uma consci\u00eancia mais elevada, os sons mais elevados t\u00eam algum significado para voc\u00ea? Elas os afetam de forma diferente? E a resposta \u00e9 sim.<\/p>\n\n\n\n<p>\u00c9 poss\u00edvel que sons al\u00e9m da audi\u00e7\u00e3o humana, agora mesmo, sentado a\u00ed, possam ter um efeito sobre voc\u00ea, mesmo que voc\u00ea n\u00e3o consiga ouvi-los? E a resposta \u00e9 sim . H\u00e1 muito aqui sobre os atributos do som em si \u2013 n\u00e3o apenas a m\u00fasica \u2013 mas o som em si, sobre o efeito de tudo o que voc\u00ea tem, tanto f\u00edsica quanto multidimensionalmente, em seus \u00f3rg\u00e3os, em seu c\u00e9rebro, em sua consci\u00eancia. Todos juntos especificam quem voc\u00ea \u00e9.<\/p>\n\n\n\n<p>Ent\u00e3o, quando voc\u00ea come\u00e7a a analisar o que os sons em si podem fazer por voc\u00ea e dentro de voc\u00ea, \u00e9 quase como m\u00e1gica. Prepare-se para alguns centros de cura que apresentam sons que voc\u00ea n\u00e3o pode ouvir. Derivados, talvez, daqueles que podem ouvir; sobretons, que s\u00e3o t\u00e3o altos que chegam ao que chamar\u00edamos de estratosfera de frequ\u00eancias, e at\u00e9 existem instrumentos que conseguem ger\u00e1-los bem. Isso tamb\u00e9m os afetar\u00e1.<\/p>\n\n\n\n<p>Eles falam com sua gl\u00e2ndula pineal, queridos. Isso os lembra das frequ\u00eancias de luz que podem ouvir quando n\u00e3o est\u00e3o aqui. Tudo isso faz parte do ser humano ascendido. E por que estou te dando isso agora? Qual poderia ser a poss\u00edvel raz\u00e3o pela qual, depois de 35 anos de canaliza\u00e7\u00e3o, eu esteja come\u00e7ando a falar, talvez, de uma maneira diferente de voc\u00ea? E aqui est\u00e1 o porqu\u00ea.<\/p>\n\n\n\n<p>\u00c0 medida que o v\u00e9u se afina, ou\u00e7a, ou\u00e7a, \u00e0 medida que o v\u00e9u se afina, os sons do Universo se tornar\u00e3o mais claros para voc\u00ea. E alguns deles cantar\u00e3o seus nomes na luz. E todos esses sons juntos criar\u00e3o tons e sonoridades que s\u00e3o a m\u00fasica do c\u00e9u para voc\u00ea. A m\u00fasica da sua alma para voc\u00ea. E alguns de voc\u00eas est\u00e3o come\u00e7ando a ouvi-los agora.<\/p>\n\n\n\n<p>Este n\u00e3o \u00e9 o mundo do seu av\u00f4. Este n\u00e3o \u00e9 o mundo do seu av\u00f4, mesmo que ele fosse um xam\u00e3. Ou da sua av\u00f3, se ela era uma xam\u00e3. Este tamb\u00e9m n\u00e3o \u00e9 o mundo deles. E vai al\u00e9m disso. O que est\u00e1 acontecendo aqui, dentro do seu corpo, mais tarde se reflete na consci\u00eancia da humanidade.<\/p>\n\n\n\n<p>Agora mesmo, voc\u00eas est\u00e3o em uma batalha entre luz e escurid\u00e3o, queridos. Voc\u00ea gostaria de ter paz em rela\u00e7\u00e3o \u00e0s coisas que o preocupam? Por que voc\u00ea n\u00e3o abre o que \u00e9 o portal para a m\u00fasica do universo, \u00e0 medida que ela come\u00e7a a chegar at\u00e9 voc\u00ea e se apresentar?<\/p>\n\n\n\n<p>E voc\u00eas podem dizer: \u201cAh, eu quero isso. Como fa\u00e7o isso?\u201d E eu te digo, mais uma vez, algo que voc\u00ea n\u00e3o espera. Voc\u00eas nasceram com isso. Tudo o que voc\u00ea precisa fazer \u00e9 simplesmente inici\u00e1-lo.<\/p>\n\n\n\n<p>\u201cQuerido Esp\u00edrito \u201d, voc\u00ea pode dizer, \u201cDeixe-me ouvir do meu pr\u00f3prio jeito, e talvez seja o amor que sinto, a paz que sinto. D\u00ea-me o som da paz e deixe que ele penetre em mim, para que eu possa descansar na seguran\u00e7a da minha magnific\u00eancia. Neste mundo verdadeiramente novo\u201d<\/p>\n\n\n\n<p>Eu Sou Kryon, apaixonado por todos voc\u00eas, dizendo-lhes que a hist\u00f3ria n\u00e3o se repetir\u00e1. H\u00e1 coisas novas para voc\u00ea aprender e batalhas para vencer, e isso \u00e9 para voc\u00ea ganhar toler\u00e2ncia, ilumina\u00e7\u00e3o e maestria. Porque \u00e9 para isso que est\u00e3o aqui.<\/p>\n\n\n\n<p>E assim \u00e9.<\/p>\n\n\n\n<p>~ Kryon<\/p>\n\n\n\n<p>Formata\u00e7\u00e3o e tradu\u00e7\u00e3o \u2013 DE CORA\u00c7\u00c3O A CORA\u00c7\u00c3O<\/p>\n\n\n\n<figure class=\"wp-block-embed\"><div class=\"wp-block-embed__wrapper\">\nhttp:\/\/www.decoracaoacoracao.blog.br\/\n<\/div><\/figure>\n\n\n\n<figure class=\"wp-block-embed\"><div class=\"wp-block-embed__wrapper\">\nhttp:\/\/stelalecocq.blogspot.com\n<\/div><\/figure>\n\n\n\n<figure class=\"wp-block-embed\"><div class=\"wp-block-embed__wrapper\">\nhttps:\/\/lecocq.wordpress.com\n<\/div><\/figure>\n\n\n\n<p>Instagram \u2013 @blogdecoracaoacoracao<\/p>\n\n\n\n<p>Informa\u00e7\u00f5es e Agendamentos para Mesa Qu\u00e2ntica Estelar, Mesa Pet, Mesa Qu\u00e2ntica 2.0, Florais de Bach, Sistema Regenerador Ashtariano, Sistema Arcturiano de Cura Multidimensional \u2013 lecocqmuller@gmail.com<\/p>\n\n\n\n<p>E-book \u201cMensagens dos Mestres \u2013 De Cora\u00e7\u00e3o a Cora\u00e7\u00e3o\u201d \u2013 https:\/\/mensagensdosmestres.blogspot.com\/<\/p>\n\n\n\n<figure class=\"wp-block-embed\"><div class=\"wp-block-embed__wrapper\">\nhttps:\/\/www.kryon.com\/\n<\/div><\/figure>\n\n\n\n<p>Respeite todos os cr\u00e9ditos ao compartilhar<\/p>\n\n\n\n<p>LUZ!<\/p>\n\n\n\n<p>STELA<\/p>\n","protected":false},"excerpt":{"rendered":"<p>KRYON Atrav\u00e9s de Lee Carroll VOC\u00ca ACHA QUE O SOM \u00c9 SAGRADO? continua\u00e7\u00e3o \u00c0 medida que os humanos come\u00e7am a aumentar a frequ\u00eancia e se tornam mais leves em seu caminho para um estado de ascens\u00e3o, em outras palavras, \u00e0 medida que os humanos come\u00e7am a desenvolver uma consci\u00eancia mais elevada, os sons mais elevados [&hellip;]<\/p>\n","protected":false},"author":1,"featured_media":0,"comment_status":"open","ping_status":"open","sticky":false,"template":"","format":"standard","meta":{"_mi_skip_tracking":false},"categories":[3],"tags":[],"_links":{"self":[{"href":"https:\/\/www.miguelfaccio.com.br\/blog\/index.php\/wp-json\/wp\/v2\/posts\/19015"}],"collection":[{"href":"https:\/\/www.miguelfaccio.com.br\/blog\/index.php\/wp-json\/wp\/v2\/posts"}],"about":[{"href":"https:\/\/www.miguelfaccio.com.br\/blog\/index.php\/wp-json\/wp\/v2\/types\/post"}],"author":[{"embeddable":true,"href":"https:\/\/www.miguelfaccio.com.br\/blog\/index.php\/wp-json\/wp\/v2\/users\/1"}],"replies":[{"embeddable":true,"href":"https:\/\/www.miguelfaccio.com.br\/blog\/index.php\/wp-json\/wp\/v2\/comments?post=19015"}],"version-history":[{"count":1,"href":"https:\/\/www.miguelfaccio.com.br\/blog\/index.php\/wp-json\/wp\/v2\/posts\/19015\/revisions"}],"predecessor-version":[{"id":19016,"href":"https:\/\/www.miguelfaccio.com.br\/blog\/index.php\/wp-json\/wp\/v2\/posts\/19015\/revisions\/19016"}],"wp:attachment":[{"href":"https:\/\/www.miguelfaccio.com.br\/blog\/index.php\/wp-json\/wp\/v2\/media?parent=19015"}],"wp:term":[{"taxonomy":"category","embeddable":true,"href":"https:\/\/www.miguelfaccio.com.br\/blog\/index.php\/wp-json\/wp\/v2\/categories?post=19015"},{"taxonomy":"post_tag","embeddable":true,"href":"https:\/\/www.miguelfaccio.com.br\/blog\/index.php\/wp-json\/wp\/v2\/tags?post=19015"}],"curies":[{"name":"wp","href":"https:\/\/api.w.org\/{rel}","templated":true}]}}