{"id":19013,"date":"2025-02-27T09:20:07","date_gmt":"2025-02-27T12:20:07","guid":{"rendered":"https:\/\/www.miguelfaccio.com.br\/blog\/?p=19013"},"modified":"2025-02-27T09:20:09","modified_gmt":"2025-02-27T12:20:09","slug":"plv4023-livro-27-diario-19-09-2022","status":"publish","type":"post","link":"https:\/\/www.miguelfaccio.com.br\/blog\/index.php\/plv4023-livro-27-diario-19-09-2022\/","title":{"rendered":"PLV4023 \u2013 Livro 27 \u2013 Di\u00e1rio, 19\/09\/2022"},"content":{"rendered":"\n<p class=\"has-text-align-right\"><strong>19\/09\/2022<\/strong><\/p>\n\n\n\n<p>Setembro j\u00e1 ultrapassou o meio do m\u00eas, logo, logo estaremos, tamb\u00e9m, no final dele. A partir daqui a acelera\u00e7\u00e3o ser\u00e1 maior. A percep\u00e7\u00e3o do tempo se soma com a idade ent\u00e3o tudo se torna mais r\u00e1pido. Por isso, a necessidade premente de fixar nosso pensamento naquilo que est\u00e1 atr\u00e1s da mat\u00e9ria a ess\u00eancia que nos d\u00e1 a exist\u00eancia f\u00edsica. Aqui \u00e9 necess\u00e1ria nossa dedu\u00e7\u00e3o l\u00f3gica. O corpo, j\u00e1 transitou grande parte de seu caminho e seu destino \u00e9 sempre o p\u00f3 da terra, cedo ou tarde \u00e9 onde ir\u00e1 terminar seus dias. Ao passo que, sua ess\u00eancia est\u00e1 no in\u00edcio de sua evolu\u00e7\u00e3o e seu destino \u00e9 o universo. Se dedicares toda tua aten\u00e7\u00e3o ao corpo, ela ser\u00e1 in\u00fatil, pois vai acompanha-lo. Se deres parte de tua aten\u00e7\u00e3o \u00e0 tua ess\u00eancia, teu esp\u00edrito, estar\u00e1s ajudando a ti mesmo a alcan\u00e7ar um patamar evolutivo um pouco maior, nem que seja, de quando entrastes no corpo que est\u00e1s usando agora. Abre tua mente para a realidade que te foi negada, n\u00e3o s\u00f3 a ti, mas a humanidade, de que \u00e9s uma dualidade. Uma parte corpo, mat\u00e9ria, fal\u00edvel, com tempo determinado de vida e depois, o p\u00f3 da terra. De outra parte, a ess\u00eancia, o esp\u00edrito ou alma que est\u00e1 dentro de teu corpo, buscando uma evolu\u00e7\u00e3o maior. Nunca esque\u00e7a, o corpo \u00e9 voc\u00ea, o esp\u00edrito \u00e9 voc\u00ea tamb\u00e9m. O corpo vai para o cemit\u00e9rio e o esp\u00edrito vai buscar novos conhecimentos em outros corpos que utilizar\u00e1.<\/p>\n","protected":false},"excerpt":{"rendered":"<p>19\/09\/2022 Setembro j\u00e1 ultrapassou o meio do m\u00eas, logo, logo estaremos, tamb\u00e9m, no final dele. A partir daqui a acelera\u00e7\u00e3o ser\u00e1 maior. A percep\u00e7\u00e3o do tempo se soma com a idade ent\u00e3o tudo se torna mais r\u00e1pido. Por isso, a necessidade premente de fixar nosso pensamento naquilo que est\u00e1 atr\u00e1s da mat\u00e9ria a ess\u00eancia que [&hellip;]<\/p>\n","protected":false},"author":1,"featured_media":0,"comment_status":"open","ping_status":"open","sticky":false,"template":"","format":"standard","meta":{"_mi_skip_tracking":false},"categories":[33],"tags":[],"_links":{"self":[{"href":"https:\/\/www.miguelfaccio.com.br\/blog\/index.php\/wp-json\/wp\/v2\/posts\/19013"}],"collection":[{"href":"https:\/\/www.miguelfaccio.com.br\/blog\/index.php\/wp-json\/wp\/v2\/posts"}],"about":[{"href":"https:\/\/www.miguelfaccio.com.br\/blog\/index.php\/wp-json\/wp\/v2\/types\/post"}],"author":[{"embeddable":true,"href":"https:\/\/www.miguelfaccio.com.br\/blog\/index.php\/wp-json\/wp\/v2\/users\/1"}],"replies":[{"embeddable":true,"href":"https:\/\/www.miguelfaccio.com.br\/blog\/index.php\/wp-json\/wp\/v2\/comments?post=19013"}],"version-history":[{"count":1,"href":"https:\/\/www.miguelfaccio.com.br\/blog\/index.php\/wp-json\/wp\/v2\/posts\/19013\/revisions"}],"predecessor-version":[{"id":19014,"href":"https:\/\/www.miguelfaccio.com.br\/blog\/index.php\/wp-json\/wp\/v2\/posts\/19013\/revisions\/19014"}],"wp:attachment":[{"href":"https:\/\/www.miguelfaccio.com.br\/blog\/index.php\/wp-json\/wp\/v2\/media?parent=19013"}],"wp:term":[{"taxonomy":"category","embeddable":true,"href":"https:\/\/www.miguelfaccio.com.br\/blog\/index.php\/wp-json\/wp\/v2\/categories?post=19013"},{"taxonomy":"post_tag","embeddable":true,"href":"https:\/\/www.miguelfaccio.com.br\/blog\/index.php\/wp-json\/wp\/v2\/tags?post=19013"}],"curies":[{"name":"wp","href":"https:\/\/api.w.org\/{rel}","templated":true}]}}