{"id":19008,"date":"2025-02-26T09:13:42","date_gmt":"2025-02-26T12:13:42","guid":{"rendered":"https:\/\/www.miguelfaccio.com.br\/blog\/?p=19008"},"modified":"2025-02-26T09:13:47","modified_gmt":"2025-02-26T12:13:47","slug":"plv4022-livro-27-diario-18-09-2022","status":"publish","type":"post","link":"https:\/\/www.miguelfaccio.com.br\/blog\/index.php\/plv4022-livro-27-diario-18-09-2022\/","title":{"rendered":"PLV4022 \u2013 Livro 27 \u2013 Di\u00e1rio, 18\/09\/2022"},"content":{"rendered":"\n<p class=\"has-text-align-right\"><strong>18\/09\/2022<\/strong><\/p>\n\n\n\n<p>O tempo para esta civiliza\u00e7\u00e3o est\u00e1 se esgotando. A situa\u00e7\u00e3o em que viveu at\u00e9 agora est\u00e1 chegando ao fim, pois, d\u00e1 para dizer que a partir de agora, j\u00e1 n\u00e3o existe mais, est\u00e3o vivendo os momentos finais de um per\u00edodo em que as sombras dominaram o planeta. Os que n\u00e3o quiserem mudar, os que se apegam ainda, em seus velhos costumes, est\u00e3o com seus dias contados. A evolu\u00e7\u00e3o de um planeta n\u00e3o pode ser vinculada a um sem n\u00famero de habitantes que insistem em continuar como apadrinhados pelas sombras que a mat\u00e9ria induz. Parece n\u00e3o terem consci\u00eancia de que a morte n\u00e3o tem dia e nem hora marcada para chegar, como diz o Cristo: \u201c<em>n\u00e3o sabeis nem o dia e nem a hora<\/em>\u201d. Logo seu corpo se tornar\u00e1 repasto de vermes. Grande fim para quem se considerava superior aos outros e tinha prazer em mandar e ser obedecido. Ignorante, n\u00e3o sabia que dentro deste corpo havia um outro ser que era que lhe dava a vida, e agora, ter\u00e1 que arcar com todas as insanidades que cometeu. Tua ess\u00eancia carregar\u00e1 por muitas eras a consequ\u00eancia de teus atos insanos. Com certeza, ter\u00e1 que reiniciar teu caminho evolutivo por ter dado vida a um ser que s\u00f3 sabia viver \u00e0s sombras da mat\u00e9ria e escravo dos senhores das sombras. Ainda bem que a Luz est\u00e1 sendo reavivada em toda sua pujan\u00e7a para tornar este planeta a estrela da liberdade.<\/p>\n","protected":false},"excerpt":{"rendered":"<p>18\/09\/2022 O tempo para esta civiliza\u00e7\u00e3o est\u00e1 se esgotando. A situa\u00e7\u00e3o em que viveu at\u00e9 agora est\u00e1 chegando ao fim, pois, d\u00e1 para dizer que a partir de agora, j\u00e1 n\u00e3o existe mais, est\u00e3o vivendo os momentos finais de um per\u00edodo em que as sombras dominaram o planeta. Os que n\u00e3o quiserem mudar, os que [&hellip;]<\/p>\n","protected":false},"author":1,"featured_media":0,"comment_status":"open","ping_status":"open","sticky":false,"template":"","format":"standard","meta":{"_mi_skip_tracking":false},"categories":[33],"tags":[],"_links":{"self":[{"href":"https:\/\/www.miguelfaccio.com.br\/blog\/index.php\/wp-json\/wp\/v2\/posts\/19008"}],"collection":[{"href":"https:\/\/www.miguelfaccio.com.br\/blog\/index.php\/wp-json\/wp\/v2\/posts"}],"about":[{"href":"https:\/\/www.miguelfaccio.com.br\/blog\/index.php\/wp-json\/wp\/v2\/types\/post"}],"author":[{"embeddable":true,"href":"https:\/\/www.miguelfaccio.com.br\/blog\/index.php\/wp-json\/wp\/v2\/users\/1"}],"replies":[{"embeddable":true,"href":"https:\/\/www.miguelfaccio.com.br\/blog\/index.php\/wp-json\/wp\/v2\/comments?post=19008"}],"version-history":[{"count":1,"href":"https:\/\/www.miguelfaccio.com.br\/blog\/index.php\/wp-json\/wp\/v2\/posts\/19008\/revisions"}],"predecessor-version":[{"id":19009,"href":"https:\/\/www.miguelfaccio.com.br\/blog\/index.php\/wp-json\/wp\/v2\/posts\/19008\/revisions\/19009"}],"wp:attachment":[{"href":"https:\/\/www.miguelfaccio.com.br\/blog\/index.php\/wp-json\/wp\/v2\/media?parent=19008"}],"wp:term":[{"taxonomy":"category","embeddable":true,"href":"https:\/\/www.miguelfaccio.com.br\/blog\/index.php\/wp-json\/wp\/v2\/categories?post=19008"},{"taxonomy":"post_tag","embeddable":true,"href":"https:\/\/www.miguelfaccio.com.br\/blog\/index.php\/wp-json\/wp\/v2\/tags?post=19008"}],"curies":[{"name":"wp","href":"https:\/\/api.w.org\/{rel}","templated":true}]}}