{"id":19006,"date":"2025-02-25T08:56:44","date_gmt":"2025-02-25T11:56:44","guid":{"rendered":"https:\/\/www.miguelfaccio.com.br\/blog\/?p=19006"},"modified":"2025-02-25T08:56:46","modified_gmt":"2025-02-25T11:56:46","slug":"rcd3970-raios-ou-chamas","status":"publish","type":"post","link":"https:\/\/www.miguelfaccio.com.br\/blog\/index.php\/rcd3970-raios-ou-chamas\/","title":{"rendered":"RCD3970 Raios ou Chamas"},"content":{"rendered":"\n<p class=\"has-text-align-right\"><strong>Thymus: O Coletivo de Mestres Ascensionados <br>Canalizado por Daniel Scranton<\/strong><\/p>\n\n\n\n<p>GRANDES MUDAN\u00c7AS EM VOC\u00ca E NA TERRA<\/p>\n\n\n\n<p>23 de janeiro de 2026<\/p>\n\n\n\n<p>B\u00ean\u00e7\u00e3os.<\/p>\n\n\n\n<p>N\u00f3s Somos Thymus.<\/p>\n\n\n\n<p>N\u00f3s Somos O Coletivo de Mestres Ascensionados.<\/p>\n\n\n\n<p>Voc\u00ea est\u00e1 percebendo as mudan\u00e7as que est\u00e3o ocorrendo dentro de voc\u00ea, e tamb\u00e9m est\u00e1 percebendo que h\u00e1 mais mudan\u00e7as que voc\u00ea gostaria de ver, que voc\u00ea gostaria de experimentar.<\/p>\n\n\n\n<p>E, \u00e0s vezes, voc\u00ea fica farto e pensa que est\u00e1 bloqueado ou que deve estar fazendo algo para impedir que as mudan\u00e7as que voc\u00ea quer ver se concretizem. Vemos isso na humanidade repetidamente e queremos apenas assegurar a voc\u00eas que n\u00e3o h\u00e1 nada de errado com nenhum de voc\u00eas.<\/p>\n\n\n\n<p>Voc\u00ea sempre pode relaxar mais e se abrir mais. Voc\u00ea sempre pode permitir mais, mas \u00e0s vezes voc\u00ea tem que entender que h\u00e1 um momento perfeito para as coisas se desenrolarem e, \u00e0s vezes, voc\u00ea precisa experimentar mais paci\u00eancia do que geralmente quer ter.<\/p>\n\n\n\n<p>Voc\u00ea est\u00e1 criando tudo o que quer experimentar, mas ainda tem uma lacuna entre o que cria e o que se manifesta em sua realidade. Isso \u00e9 verdade na maioria dos casos. Em alguns casos, voc\u00ea \u00e9 capaz de demonstrar a si mesmo que a manifesta\u00e7\u00e3o instant\u00e2nea \u00e9 poss\u00edvel, ou pelo menos que o intervalo de tempo \u00e9 t\u00e3o curto que poderia muito bem ter sido uma manifesta\u00e7\u00e3o instant\u00e2nea.<\/p>\n\n\n\n<p>Uma das coisas que voc\u00ea est\u00e1 a\u00ed para experimentar \u00e9 deixar ir. Voc\u00ea est\u00e1 a\u00ed para experimentar deixar ir, confiar, ter f\u00e9, paci\u00eancia, se render e nenhuma dessas coisas parece ir junto com ser um criador consciente, mas voc\u00ea as associa com maestria. E uma das coisas que voc\u00ea pode notar sobre aqueles de n\u00f3s que comp\u00f5em este coletivo e nossas vidas na Terra \u00e9 que n\u00e3o tendemos a ser impacientes.<\/p>\n\n\n\n<p>Percebemos que havia problemas na Terra, que havia coisas que precisariam ser abordadas, mas n\u00e3o esper\u00e1vamos mudan\u00e7as massivas e radicais da noite para o dia. \u00c0s vezes isso acontece com um indiv\u00edduo, mas n\u00e3o frequentemente com uma sociedade inteira ou um mundo.<\/p>\n\n\n\n<p>Portanto, sejam am\u00e1veis e gentis com voc\u00eas mesmos e n\u00e3o tirem conclus\u00f5es precipitadas de que est\u00e3o fazendo algo errado ou bloqueando algo que voc\u00eas realmente querem que aconte\u00e7a. Em vez disso, deixem ir e relaxem.<\/p>\n\n\n\n<p>Procurem a oportunidade de aproveitar o momento em que est\u00e3o, e tenham certeza de que tudo o que voc\u00eas querem experimentar est\u00e1 chegando. \u00c9 sua cria\u00e7\u00e3o, e voc\u00eas a deixar\u00e3o entrar no momento perfeito para sua jornada.<\/p>\n\n\n\n<p>\u00c9 mais prov\u00e1vel que voc\u00ea a deixe entrar quando n\u00e3o estiver prestando aten\u00e7\u00e3o \u00e0 sua aus\u00eancia em sua vida. Portanto, sempre lhe servir\u00e1 ir e fazer as coisas que voc\u00ea pode fazer ou focar em algo que est\u00e1 em sua vida que voc\u00ea pode apreciar. Sempre ser\u00e1 importante para voc\u00ea apreciar o que j\u00e1 veio em seu caminho e procurar oportunidades para aproveitar o que voc\u00ea j\u00e1 manifestou.<\/p>\n\n\n\n<p>Voc\u00ea pode n\u00e3o sentir que manifestou nenhum dos seus dons e habilidades espirituais, e se esse for o seu caso, ent\u00e3o, por favor, mude seu conceito do que \u00e9 um dom espiritual e reconhe\u00e7a que voc\u00ea tem consci\u00eancia e que est\u00e1 desenvolvendo mais paci\u00eancia, mais f\u00e9 e mais confian\u00e7a.<\/p>\n\n\n\n<p>Tamb\u00e9m ajuda cada vez que voc\u00ea se reconhece por ter manifestado qualquer coisa, n\u00e3o importa qu\u00e3o pequena seja, porque fazer isso \u00e9 o caminho para essas manifesta\u00e7\u00f5es maiores e essas mudan\u00e7as maiores que voc\u00ea quer ver em seu mundo e no planeta Terra e para todos os seus habitantes.<\/p>\n\n\n\n<p>Isso \u00e9 tudo por agora.<\/p>\n\n\n\n<p>N\u00f3s Somos Thymus.<\/p>\n\n\n\n<p>~ N\u00f3s Somos O Coletivo de Mestres Ascensionados e estamos sempre entre voc\u00eas<\/p>\n\n\n\n<p>Formata\u00e7\u00e3o e tradu\u00e7\u00e3o \u2013 DE CORA\u00c7\u00c3O A CORA\u00c7\u00c3O<\/p>\n\n\n\n<figure class=\"wp-block-embed\"><div class=\"wp-block-embed__wrapper\">\nhttp:\/\/www.decoracaoacoracao.blog.br\/\n<\/div><\/figure>\n\n\n\n<figure class=\"wp-block-embed\"><div class=\"wp-block-embed__wrapper\">\nhttp:\/\/stelalecocq.blogspot.com\n<\/div><\/figure>\n\n\n\n<figure class=\"wp-block-embed\"><div class=\"wp-block-embed__wrapper\">\nhttps:\/\/lecocq.wordpress.com\n<\/div><\/figure>\n\n\n\n<p>Instagram \u2013 @blogdecoracaoacoracao<\/p>\n\n\n\n<p>Informa\u00e7\u00f5es e Agendamentos para Mesa Qu\u00e2ntica Estelar, Mesa Pet, Mesa Qu\u00e2ntica 2.0, Florais de Bach, Sistema Regenerador Ashtariano, Sistema Arcturiano de Cura Multidimensional \u2013 lecocqmuller@gmail.com<\/p>\n\n\n\n<p>E-book \u201cMensagens dos Mestres \u2013 De Cora\u00e7\u00e3o a Cora\u00e7\u00e3o\u201d \u2013 https:\/\/mensagensdosmestres.blogspot.com\/<\/p>\n\n\n\n<figure class=\"wp-block-embed\"><div class=\"wp-block-embed__wrapper\">\nhttps:\/\/danielscranton.com\/\n<\/div><\/figure>\n\n\n\n<p>Respeite todos os cr\u00e9ditos ao compartilhar<\/p>\n\n\n\n<p>LUZ!<\/p>\n\n\n\n<p>STELA<\/p>\n","protected":false},"excerpt":{"rendered":"<p>Thymus: O Coletivo de Mestres Ascensionados Canalizado por Daniel Scranton GRANDES MUDAN\u00c7AS EM VOC\u00ca E NA TERRA 23 de janeiro de 2026 B\u00ean\u00e7\u00e3os. N\u00f3s Somos Thymus. N\u00f3s Somos O Coletivo de Mestres Ascensionados. Voc\u00ea est\u00e1 percebendo as mudan\u00e7as que est\u00e3o ocorrendo dentro de voc\u00ea, e tamb\u00e9m est\u00e1 percebendo que h\u00e1 mais mudan\u00e7as que voc\u00ea gostaria [&hellip;]<\/p>\n","protected":false},"author":1,"featured_media":0,"comment_status":"open","ping_status":"open","sticky":false,"template":"","format":"standard","meta":{"_mi_skip_tracking":false},"categories":[3],"tags":[],"_links":{"self":[{"href":"https:\/\/www.miguelfaccio.com.br\/blog\/index.php\/wp-json\/wp\/v2\/posts\/19006"}],"collection":[{"href":"https:\/\/www.miguelfaccio.com.br\/blog\/index.php\/wp-json\/wp\/v2\/posts"}],"about":[{"href":"https:\/\/www.miguelfaccio.com.br\/blog\/index.php\/wp-json\/wp\/v2\/types\/post"}],"author":[{"embeddable":true,"href":"https:\/\/www.miguelfaccio.com.br\/blog\/index.php\/wp-json\/wp\/v2\/users\/1"}],"replies":[{"embeddable":true,"href":"https:\/\/www.miguelfaccio.com.br\/blog\/index.php\/wp-json\/wp\/v2\/comments?post=19006"}],"version-history":[{"count":1,"href":"https:\/\/www.miguelfaccio.com.br\/blog\/index.php\/wp-json\/wp\/v2\/posts\/19006\/revisions"}],"predecessor-version":[{"id":19007,"href":"https:\/\/www.miguelfaccio.com.br\/blog\/index.php\/wp-json\/wp\/v2\/posts\/19006\/revisions\/19007"}],"wp:attachment":[{"href":"https:\/\/www.miguelfaccio.com.br\/blog\/index.php\/wp-json\/wp\/v2\/media?parent=19006"}],"wp:term":[{"taxonomy":"category","embeddable":true,"href":"https:\/\/www.miguelfaccio.com.br\/blog\/index.php\/wp-json\/wp\/v2\/categories?post=19006"},{"taxonomy":"post_tag","embeddable":true,"href":"https:\/\/www.miguelfaccio.com.br\/blog\/index.php\/wp-json\/wp\/v2\/tags?post=19006"}],"curies":[{"name":"wp","href":"https:\/\/api.w.org\/{rel}","templated":true}]}}