{"id":19000,"date":"2025-02-24T09:27:36","date_gmt":"2025-02-24T12:27:36","guid":{"rendered":"https:\/\/www.miguelfaccio.com.br\/blog\/?p=19000"},"modified":"2025-02-24T09:27:38","modified_gmt":"2025-02-24T12:27:38","slug":"plv4020-livro-27-diario-16-09-2022","status":"publish","type":"post","link":"https:\/\/www.miguelfaccio.com.br\/blog\/index.php\/plv4020-livro-27-diario-16-09-2022\/","title":{"rendered":"PLV4020 \u2013 Livro 27 \u2013 Di\u00e1rio, 16\/09\/2022"},"content":{"rendered":"\n<p class=\"has-text-align-right\"><strong>16\/09\/2022<\/strong><\/p>\n\n\n\n<p>D\u00e1 para dizer que o tempo n\u00e3o est\u00e1 mais andando, est\u00e1 correndo. Quase n\u00e3o se consegue mais perceber o andar das horas. \u00c0s 24 horas que a Terra leva para dar a volta sobre o seu eixo, j\u00e1 n\u00e3o s\u00e3o mais as mesmas. H\u00e1 a possibilidade de comparativamente estar por volta de 15 ou 16 horas. \u00c9 isso que est\u00e1 fazendo com que nossos dias passem mais r\u00e1pido. Schumann descobrindo atrav\u00e9s da resson\u00e2ncia essa realidade. Isso tamb\u00e9m, pode-se dizer, \u00e9 para acelerar a limpeza energ\u00e9tica do planeta. Quanto antes a luz total brilhar sobre ele, antes estaremos imersos dentro da quinta dimens\u00e3o. Para muitos isso \u00e9 imperioso, pois nos afasta dessas energias negativas que tem imperado no planeta, e tem, por sua vez, impedido que muitos seres humanos se desliguem da mat\u00e9ria e busquem, como se diz por aqui: um lugar ao sol, e a Terra possa lan\u00e7ar-se inteira dentro de seu projeto de cria\u00e7\u00e3o, ser luz e espargir luz. O ser humano bloqueou, atrav\u00e9s de sua negatividade, a trajet\u00f3ria luminosa, tornando-a um planeta dominado pelas sombras. Agora, est\u00e1 na hora de sua virada. Muitos homens de boa vontade, muitos irm\u00e3os das estrelas est\u00e3o pr\u00f3ximos \u00e0 n\u00f3s para nos ajudar a reverter essa negatividade, fazendo retornar a luz, transformando a Terra na estrela da liberdade. Juntos e com a prote\u00e7\u00e3o divina conseguiremos.<\/p>\n","protected":false},"excerpt":{"rendered":"<p>16\/09\/2022 D\u00e1 para dizer que o tempo n\u00e3o est\u00e1 mais andando, est\u00e1 correndo. Quase n\u00e3o se consegue mais perceber o andar das horas. \u00c0s 24 horas que a Terra leva para dar a volta sobre o seu eixo, j\u00e1 n\u00e3o s\u00e3o mais as mesmas. H\u00e1 a possibilidade de comparativamente estar por volta de 15 ou [&hellip;]<\/p>\n","protected":false},"author":1,"featured_media":0,"comment_status":"open","ping_status":"open","sticky":false,"template":"","format":"standard","meta":{"_mi_skip_tracking":false},"categories":[33],"tags":[],"_links":{"self":[{"href":"https:\/\/www.miguelfaccio.com.br\/blog\/index.php\/wp-json\/wp\/v2\/posts\/19000"}],"collection":[{"href":"https:\/\/www.miguelfaccio.com.br\/blog\/index.php\/wp-json\/wp\/v2\/posts"}],"about":[{"href":"https:\/\/www.miguelfaccio.com.br\/blog\/index.php\/wp-json\/wp\/v2\/types\/post"}],"author":[{"embeddable":true,"href":"https:\/\/www.miguelfaccio.com.br\/blog\/index.php\/wp-json\/wp\/v2\/users\/1"}],"replies":[{"embeddable":true,"href":"https:\/\/www.miguelfaccio.com.br\/blog\/index.php\/wp-json\/wp\/v2\/comments?post=19000"}],"version-history":[{"count":1,"href":"https:\/\/www.miguelfaccio.com.br\/blog\/index.php\/wp-json\/wp\/v2\/posts\/19000\/revisions"}],"predecessor-version":[{"id":19001,"href":"https:\/\/www.miguelfaccio.com.br\/blog\/index.php\/wp-json\/wp\/v2\/posts\/19000\/revisions\/19001"}],"wp:attachment":[{"href":"https:\/\/www.miguelfaccio.com.br\/blog\/index.php\/wp-json\/wp\/v2\/media?parent=19000"}],"wp:term":[{"taxonomy":"category","embeddable":true,"href":"https:\/\/www.miguelfaccio.com.br\/blog\/index.php\/wp-json\/wp\/v2\/categories?post=19000"},{"taxonomy":"post_tag","embeddable":true,"href":"https:\/\/www.miguelfaccio.com.br\/blog\/index.php\/wp-json\/wp\/v2\/tags?post=19000"}],"curies":[{"name":"wp","href":"https:\/\/api.w.org\/{rel}","templated":true}]}}