{"id":18996,"date":"2025-02-23T08:27:37","date_gmt":"2025-02-23T11:27:37","guid":{"rendered":"https:\/\/www.miguelfaccio.com.br\/blog\/?p=18996"},"modified":"2025-02-23T08:27:39","modified_gmt":"2025-02-23T11:27:39","slug":"plv4019-livro-27-diario-15-09-2022","status":"publish","type":"post","link":"https:\/\/www.miguelfaccio.com.br\/blog\/index.php\/plv4019-livro-27-diario-15-09-2022\/","title":{"rendered":"PLV4019 \u2013 Livro 27 \u2013 Di\u00e1rio, 15\/09\/2022"},"content":{"rendered":"\n<p class=\"has-text-align-right\"><strong>15\/09\/2022<\/strong><\/p>\n\n\n\n<p>O cerco est\u00e1 se apertando sobre as trevas e seus asseclas. O planeta Terra foi criado para ser uma estrela luminosa, que transmitisse seu brilho para todo ou universo. Mas, com a chegada de retardat\u00e1rios exilados de outros planetas, as sombras iniciaram a encobrir a luz do planeta, transformando-o ao que \u00e9 agora, um reduto das sombras e de seus cavalos de batalha. Essa impregna\u00e7\u00e3o das sombras \u00e9 t\u00e3o intensa que est\u00e1, propriamente, obrigando ao universo enviarem seus emiss\u00e1rios para auxiliar a retirar da Terra essa escurid\u00e3o, da falta de evolu\u00e7\u00e3o de boa parte dos seres que aqui habitam. Aos poucos est\u00e1 sendo retirados os humanos que s\u00e3o os representantes das sombras e tamb\u00e9m aqueles que se negam, ou n\u00e3o se importam em seguir a luz. Essa limpeza est\u00e1 se acentuando, de formas que, daqui h\u00e1 pouco tempo, poder-se-\u00e1 dizer que o planeta j\u00e1 come\u00e7a a brilhar, e logo mais poder\u00e1 apresentar a luz de quando saiu do pensamento dos Deuses H\u00e9lios e Vesta e foram fixados pelos 7 Elohins. A Terra j\u00e1 fora por demais tempo escrava das sombras. J\u00e1 \u00e9 hora de demonstrar o seu brilho. E, n\u00f3s que estamos vivendo sobre este planeta, precisamos avivar, tamb\u00e9m, a luz que somos, pois somos uma part\u00edcula do Deus Uno e estamos aqui para evoluir, elevar nossa luz para alcan\u00e7armos nossa mestria, que \u00e9 o coroamento de nossa evolu\u00e7\u00e3o como filhos de Deus.<\/p>\n","protected":false},"excerpt":{"rendered":"<p>15\/09\/2022 O cerco est\u00e1 se apertando sobre as trevas e seus asseclas. O planeta Terra foi criado para ser uma estrela luminosa, que transmitisse seu brilho para todo ou universo. Mas, com a chegada de retardat\u00e1rios exilados de outros planetas, as sombras iniciaram a encobrir a luz do planeta, transformando-o ao que \u00e9 agora, um [&hellip;]<\/p>\n","protected":false},"author":1,"featured_media":0,"comment_status":"open","ping_status":"open","sticky":false,"template":"","format":"standard","meta":{"_mi_skip_tracking":false},"categories":[33],"tags":[],"_links":{"self":[{"href":"https:\/\/www.miguelfaccio.com.br\/blog\/index.php\/wp-json\/wp\/v2\/posts\/18996"}],"collection":[{"href":"https:\/\/www.miguelfaccio.com.br\/blog\/index.php\/wp-json\/wp\/v2\/posts"}],"about":[{"href":"https:\/\/www.miguelfaccio.com.br\/blog\/index.php\/wp-json\/wp\/v2\/types\/post"}],"author":[{"embeddable":true,"href":"https:\/\/www.miguelfaccio.com.br\/blog\/index.php\/wp-json\/wp\/v2\/users\/1"}],"replies":[{"embeddable":true,"href":"https:\/\/www.miguelfaccio.com.br\/blog\/index.php\/wp-json\/wp\/v2\/comments?post=18996"}],"version-history":[{"count":1,"href":"https:\/\/www.miguelfaccio.com.br\/blog\/index.php\/wp-json\/wp\/v2\/posts\/18996\/revisions"}],"predecessor-version":[{"id":18997,"href":"https:\/\/www.miguelfaccio.com.br\/blog\/index.php\/wp-json\/wp\/v2\/posts\/18996\/revisions\/18997"}],"wp:attachment":[{"href":"https:\/\/www.miguelfaccio.com.br\/blog\/index.php\/wp-json\/wp\/v2\/media?parent=18996"}],"wp:term":[{"taxonomy":"category","embeddable":true,"href":"https:\/\/www.miguelfaccio.com.br\/blog\/index.php\/wp-json\/wp\/v2\/categories?post=18996"},{"taxonomy":"post_tag","embeddable":true,"href":"https:\/\/www.miguelfaccio.com.br\/blog\/index.php\/wp-json\/wp\/v2\/tags?post=18996"}],"curies":[{"name":"wp","href":"https:\/\/api.w.org\/{rel}","templated":true}]}}