{"id":18994,"date":"2025-02-22T08:38:10","date_gmt":"2025-02-22T11:38:10","guid":{"rendered":"https:\/\/www.miguelfaccio.com.br\/blog\/?p=18994"},"modified":"2025-02-22T08:38:31","modified_gmt":"2025-02-22T11:38:31","slug":"rcd3967-raios-ou-chamas","status":"publish","type":"post","link":"https:\/\/www.miguelfaccio.com.br\/blog\/index.php\/rcd3967-raios-ou-chamas\/","title":{"rendered":"RCD3967 Raios ou Chamas"},"content":{"rendered":"\n<p class=\"has-text-align-right\"><strong>O Grupo Arcturiano <br>Atrav\u00e9s de Marilyn Raffaele<\/strong><\/p>\n\n\n\n<p>O PLANO DIVINO EST\u00c1 EM ANDAMENTO<\/p>\n\n\n\n<p>continua\u00e7\u00e3o<\/p>\n\n\n\n<p>A Terra \u00e9 uma ideia na Mente Divina, uma cria\u00e7\u00e3o de Deus t\u00e3o espiritual e perfeita quanto toda express\u00e3o da Consci\u00eancia Divina.<\/p>\n\n\n\n<p>A Terra da cria\u00e7\u00e3o de Deus n\u00e3o est\u00e1 sujeita a cren\u00e7as de dualidade, separa\u00e7\u00e3o e dois poderes, mas a Terra da cria\u00e7\u00e3o do homem est\u00e1, resultando em seu uso indevido, abuso e quase destrui\u00e7\u00e3o por egos humanos que funcionam a partir de uma consci\u00eancia de ignor\u00e2ncia e separa\u00e7\u00e3o.<\/p>\n\n\n\n<p>Voc\u00ea \u00e9 a Terra, voc\u00ea \u00e9 todos os animais, voc\u00ea \u00e9 as \u00e1rvores, as flores, as gramas, a \u00e1gua, o ar e a terra e, portanto, o que \u00e9 feito a essas express\u00f5es espirituais, \u00e9 feito a todos, pois h\u00e1 apenas UM.<\/p>\n\n\n\n<p>A evolu\u00e7\u00e3o espiritual eventualmente leva cada pessoa a um ponto em que ela deve come\u00e7ar a viver a verdade que conhece, reconhecendo a si mesma e a todos os outros como sendo Deus individualizado.<\/p>\n\n\n\n<p>Aqueles que s\u00e3o espiritualmente evolu\u00eddos, mas escolhem continuar vivendo plenamente a partir da dualidade, da separa\u00e7\u00e3o e dos dois poderes, simplesmente porque isso \u00e9 familiar e permite que eles \u201cse encaixem\u201d, muitas vezes, em algum momento, receber\u00e3o um \u201cchamado para despertar\u201d, que geralmente \u00e9 algum evento ou experi\u00eancia desagrad\u00e1vel, com a inten\u00e7\u00e3o de trazer a pessoa de volta ao centro.<\/p>\n\n\n\n<p>Alguns de voc\u00eas podem ser guiados a se envolver em atividades externas, levando Luz a lugares turbulentos, enquanto outros ser\u00e3o guiados simplesmente a permanecerem parados e manterem a Luz para o mundo enquanto vivem o seu dia. Confie na sua intui\u00e7\u00e3o e n\u00e3o nas opini\u00f5es dos outros sobre o que \u00e9 certo para voc\u00ea.<\/p>\n\n\n\n<p>Quaisquer que sejam as circunst\u00e2ncias em que voc\u00ea se encontre neste momento, nunca se esque\u00e7a de que voc\u00ea \u00e9 um Ser Divino na resson\u00e2ncia inferior da Terra neste momento para aprender, limpar energias antigas, expandir-se espiritualmente e mudar para um estado mais elevado de consci\u00eancia, ao mesmo tempo em que ajuda a Terra e os outros a fazerem o mesmo.<\/p>\n\n\n\n<p>A Terra N\u00c3O \u00e9 e nunca foi uma ilus\u00e3o, mas sim os conceitos da humanidade sobre a Terra que constituem a ilus\u00e3o.<\/p>\n\n\n\n<p>A verdade absoluta sobre voc\u00ea e todos os outros \u00e9 que voc\u00ea \u00e9 Deus\/Consci\u00eancia Divina individualizada.<\/p>\n\n\n\n<p>H\u00e1 muito tempo o mestre Jesus disse; \u201cEu e o Pai somos um\u201d, mas a maioria naquela \u00e9poca (e at\u00e9 agora) pensava que isso significava que somente Jesus era um com Deus. Ele, como muitos outros professores espirituais evolu\u00eddos, vem tentando h\u00e1 muito tempo dizer aos humanos que \u201cEu\u201d \u00e9 o nome de Deus, a alma e a verdadeira identidade de cada pessoa.<\/p>\n\n\n\n<p>Voc\u00eas est\u00e3o vivendo em tempos poderosos para a Terra, para todos os que est\u00e3o sobre ela, estiveram sobre ela e aqueles que est\u00e3o por vir. Esses tempos foram previstos, escritos e esperados por milhares de anos e finalmente chegaram. Come\u00e7ou.<\/p>\n\n\n\n<p>Confie e permita o processo.<\/p>\n\n\n\n<p>~ N\u00f3s somos o Grupo Arcturiano<\/p>\n\n\n\n<p>Formata\u00e7\u00e3o e tradu\u00e7\u00e3o \u2013 DE CORA\u00c7\u00c3O A CORA\u00c7\u00c3O<\/p>\n\n\n\n<figure class=\"wp-block-embed\"><div class=\"wp-block-embed__wrapper\">\nhttp:\/\/www.decoracaoacoracao.blog.br\/\n<\/div><\/figure>\n\n\n\n<figure class=\"wp-block-embed\"><div class=\"wp-block-embed__wrapper\">\nhttp:\/\/stelalecocq.blogspot.com\n<\/div><\/figure>\n\n\n\n<figure class=\"wp-block-embed\"><div class=\"wp-block-embed__wrapper\">\nhttps:\/\/lecocq.wordpress.com\n<\/div><\/figure>\n\n\n\n<p>Instagram \u2013 @blogdecoracaoacoracao<\/p>\n\n\n\n<p>Informa\u00e7\u00f5es e Agendamentos para Mesa Qu\u00e2ntica Estelar, Mesa Pet, Mesa Qu\u00e2ntica 2.0, Florais de Bach, Sistema Regenerador Ashtariano, Sistema Arcturiano de Cura Multidimensional \u2013 lecocqmuller@gmail.com<\/p>\n\n\n\n<p>E-book \u201cMensagens dos Mestres \u2013 De Cora\u00e7\u00e3o a Cora\u00e7\u00e3o\u201d \u2013 https:\/\/mensagensdosmestres.blogspot.com\/<\/p>\n\n\n\n<figure class=\"wp-block-embed\"><div class=\"wp-block-embed__wrapper\">\n<blockquote class=\"wp-embedded-content\" data-secret=\"zyEn3sKFxx\"><a href=\"https:\/\/www.onenessofall.com\/\">Welcome<\/a><\/blockquote><iframe class=\"wp-embedded-content\" sandbox=\"allow-scripts\" security=\"restricted\" style=\"position: absolute; clip: rect(1px, 1px, 1px, 1px);\" title=\"&#8220;Welcome&#8221; &#8212; Oneness Of All\" src=\"https:\/\/www.onenessofall.com\/embed\/#?secret=XSpIJhwSfZ#?secret=zyEn3sKFxx\" data-secret=\"zyEn3sKFxx\" width=\"600\" height=\"338\" frameborder=\"0\" marginwidth=\"0\" marginheight=\"0\" scrolling=\"no\"><\/iframe>\n<\/div><\/figure>\n\n\n\n<p>Respeite todos os cr\u00e9ditos ao compartilhar<\/p>\n\n\n\n<p>LUZ!<\/p>\n\n\n\n<p>STELA<\/p>\n","protected":false},"excerpt":{"rendered":"<p>O Grupo Arcturiano Atrav\u00e9s de Marilyn Raffaele O PLANO DIVINO EST\u00c1 EM ANDAMENTO continua\u00e7\u00e3o A Terra \u00e9 uma ideia na Mente Divina, uma cria\u00e7\u00e3o de Deus t\u00e3o espiritual e perfeita quanto toda express\u00e3o da Consci\u00eancia Divina. A Terra da cria\u00e7\u00e3o de Deus n\u00e3o est\u00e1 sujeita a cren\u00e7as de dualidade, separa\u00e7\u00e3o e dois poderes, mas a [&hellip;]<\/p>\n","protected":false},"author":1,"featured_media":0,"comment_status":"open","ping_status":"open","sticky":false,"template":"","format":"standard","meta":{"_mi_skip_tracking":false},"categories":[3],"tags":[],"_links":{"self":[{"href":"https:\/\/www.miguelfaccio.com.br\/blog\/index.php\/wp-json\/wp\/v2\/posts\/18994"}],"collection":[{"href":"https:\/\/www.miguelfaccio.com.br\/blog\/index.php\/wp-json\/wp\/v2\/posts"}],"about":[{"href":"https:\/\/www.miguelfaccio.com.br\/blog\/index.php\/wp-json\/wp\/v2\/types\/post"}],"author":[{"embeddable":true,"href":"https:\/\/www.miguelfaccio.com.br\/blog\/index.php\/wp-json\/wp\/v2\/users\/1"}],"replies":[{"embeddable":true,"href":"https:\/\/www.miguelfaccio.com.br\/blog\/index.php\/wp-json\/wp\/v2\/comments?post=18994"}],"version-history":[{"count":1,"href":"https:\/\/www.miguelfaccio.com.br\/blog\/index.php\/wp-json\/wp\/v2\/posts\/18994\/revisions"}],"predecessor-version":[{"id":18995,"href":"https:\/\/www.miguelfaccio.com.br\/blog\/index.php\/wp-json\/wp\/v2\/posts\/18994\/revisions\/18995"}],"wp:attachment":[{"href":"https:\/\/www.miguelfaccio.com.br\/blog\/index.php\/wp-json\/wp\/v2\/media?parent=18994"}],"wp:term":[{"taxonomy":"category","embeddable":true,"href":"https:\/\/www.miguelfaccio.com.br\/blog\/index.php\/wp-json\/wp\/v2\/categories?post=18994"},{"taxonomy":"post_tag","embeddable":true,"href":"https:\/\/www.miguelfaccio.com.br\/blog\/index.php\/wp-json\/wp\/v2\/tags?post=18994"}],"curies":[{"name":"wp","href":"https:\/\/api.w.org\/{rel}","templated":true}]}}