{"id":18991,"date":"2025-02-22T08:35:19","date_gmt":"2025-02-22T11:35:19","guid":{"rendered":"https:\/\/www.miguelfaccio.com.br\/blog\/?p=18991"},"modified":"2025-02-22T08:35:21","modified_gmt":"2025-02-22T11:35:21","slug":"plv4018-livro-27-diario-14-09-2022","status":"publish","type":"post","link":"https:\/\/www.miguelfaccio.com.br\/blog\/index.php\/plv4018-livro-27-diario-14-09-2022\/","title":{"rendered":"PLV4018 \u2013 Livro 27 \u2013 Di\u00e1rio, 14\/09\/2022"},"content":{"rendered":"\n<p class=\"has-text-align-right\"><strong>14\/09\/2022<\/strong><\/p>\n\n\n\n<p>A grande virada est\u00e1 se processando. Ao n\u00edvel da energia, que n\u00e3o \u00e9 percebida pelo consciente f\u00edsico, propriamente est\u00e1 consolidada. Resta ao ser humano a conscientiza\u00e7\u00e3o e a op\u00e7\u00e3o de fixar-se dentro desta nova situa\u00e7\u00e3o da Terra. Somente falta a quinta dimens\u00e3o penetrar a l\u00f3gica e o racioc\u00ednio desta humanidade. Logo, logo nossos irm\u00e3os das estrelas come\u00e7ar\u00e3o a se mostrar indicando o caminho para nossa mente, tamb\u00e9m, se enquadrar dentro do plano Divino para o planeta Terra. Est\u00e1 dif\u00edcil o desligamento das sombras, pois ela penetrou a mente e o cora\u00e7\u00e3o da maioria dos humanos. Para estes dever\u00e1 ser uma ruptura at\u00e9 de conceitos, pois estavam acostumados a facilidade e as op\u00e7\u00f5es que a mat\u00e9ria oferecia. Seus conscientes exteriores desprovidos de par\u00e2metros de compara\u00e7\u00e3o, para an\u00e1lise, eram mais f\u00e1cil seguir seus conceitos e as benesses que as coisas materiais lhe ofereciam. Agora, est\u00e1 na hora da mudan\u00e7a, porque, se n\u00e3o for agora, amanh\u00e3 poder\u00e1 acordar em outro planeta energeticamente inferior para recome\u00e7ar aquilo que n\u00e3o teve coragem de completar. Faltava t\u00e3o pouco, mas suas cabe\u00e7as eivados de silogismos e n\u00e3o lhes dava condi\u00e7\u00f5es de aceitar outra l\u00f3gica, a n\u00e3o ser, seu apego, at\u00e9 irracional \u00e0 mat\u00e9ria, ao ego e ao orgulho. Resta-lhe voltar atr\u00e1s uns quantos passos e recome\u00e7ar.<\/p>\n","protected":false},"excerpt":{"rendered":"<p>14\/09\/2022 A grande virada est\u00e1 se processando. Ao n\u00edvel da energia, que n\u00e3o \u00e9 percebida pelo consciente f\u00edsico, propriamente est\u00e1 consolidada. Resta ao ser humano a conscientiza\u00e7\u00e3o e a op\u00e7\u00e3o de fixar-se dentro desta nova situa\u00e7\u00e3o da Terra. Somente falta a quinta dimens\u00e3o penetrar a l\u00f3gica e o racioc\u00ednio desta humanidade. Logo, logo nossos irm\u00e3os [&hellip;]<\/p>\n","protected":false},"author":1,"featured_media":0,"comment_status":"open","ping_status":"open","sticky":false,"template":"","format":"standard","meta":{"_mi_skip_tracking":false},"categories":[33],"tags":[],"_links":{"self":[{"href":"https:\/\/www.miguelfaccio.com.br\/blog\/index.php\/wp-json\/wp\/v2\/posts\/18991"}],"collection":[{"href":"https:\/\/www.miguelfaccio.com.br\/blog\/index.php\/wp-json\/wp\/v2\/posts"}],"about":[{"href":"https:\/\/www.miguelfaccio.com.br\/blog\/index.php\/wp-json\/wp\/v2\/types\/post"}],"author":[{"embeddable":true,"href":"https:\/\/www.miguelfaccio.com.br\/blog\/index.php\/wp-json\/wp\/v2\/users\/1"}],"replies":[{"embeddable":true,"href":"https:\/\/www.miguelfaccio.com.br\/blog\/index.php\/wp-json\/wp\/v2\/comments?post=18991"}],"version-history":[{"count":1,"href":"https:\/\/www.miguelfaccio.com.br\/blog\/index.php\/wp-json\/wp\/v2\/posts\/18991\/revisions"}],"predecessor-version":[{"id":18992,"href":"https:\/\/www.miguelfaccio.com.br\/blog\/index.php\/wp-json\/wp\/v2\/posts\/18991\/revisions\/18992"}],"wp:attachment":[{"href":"https:\/\/www.miguelfaccio.com.br\/blog\/index.php\/wp-json\/wp\/v2\/media?parent=18991"}],"wp:term":[{"taxonomy":"category","embeddable":true,"href":"https:\/\/www.miguelfaccio.com.br\/blog\/index.php\/wp-json\/wp\/v2\/categories?post=18991"},{"taxonomy":"post_tag","embeddable":true,"href":"https:\/\/www.miguelfaccio.com.br\/blog\/index.php\/wp-json\/wp\/v2\/tags?post=18991"}],"curies":[{"name":"wp","href":"https:\/\/api.w.org\/{rel}","templated":true}]}}