{"id":18987,"date":"2025-02-21T08:56:41","date_gmt":"2025-02-21T11:56:41","guid":{"rendered":"https:\/\/www.miguelfaccio.com.br\/blog\/?p=18987"},"modified":"2025-02-21T08:56:42","modified_gmt":"2025-02-21T11:56:42","slug":"plv4017-livro-27-diario-13-09-2022","status":"publish","type":"post","link":"https:\/\/www.miguelfaccio.com.br\/blog\/index.php\/plv4017-livro-27-diario-13-09-2022\/","title":{"rendered":"PLV4017 \u2013 Livro 27 \u2013 Di\u00e1rio, 13\/09\/2022"},"content":{"rendered":"\n<p class=\"has-text-align-right\"><strong>13\/09\/2022<\/strong><\/p>\n\n\n\n<p>As respostas que o universo d\u00e1 \u00e0s nossas cria\u00e7\u00f5es, dependem \u00fanica e exclusivamente daquilo que criamos. Se a nossa capacidade criativa nos leva a melhorar nossas cria\u00e7\u00f5es, fatalmente o universo responder\u00e1 na mesma propor\u00e7\u00e3o. Tudo depende de nosso agora, do que estamos fazendo com ele. \u00c9 claro, as cria\u00e7\u00f5es do passado precis\u00e3o ser exorcizada, embora um pouco recaia em nossas costas, diminuem suas cargas na mesma propor\u00e7\u00e3o que, pela evolu\u00e7\u00e3o nos afastamos delas. Talvez \u00e9 porque fugimos daquelas faixas vibrat\u00f3rias de baixa frequ\u00eancia, nos dando como que uma prote\u00e7\u00e3o contra elas. Fora de qualquer d\u00favida, tudo o que os homens criaram e lan\u00e7aram no astral, ter\u00e3o que ressarcir. Isso em forma de evolu\u00e7\u00e3o ou em forma de carma. Nada passar\u00e1 impune. Mas, como diz Saint Germain, precisamos queimar as coisas negativas com o Fogo da Chama Violeta, o fogo da transmuta\u00e7\u00e3o. Este poder\u00e1 limpar, exorcizar as coisas negativas, n\u00e3o s\u00f3 nossas, mas da humanidade tamb\u00e9m. Precisamos nos ater a tudo o que nos ajude a ultrapassar essa faixa vibrat\u00f3ria da terceira dimens\u00e3o, pois estamos sobre a balan\u00e7a que medir\u00e1 nossa frequ\u00eancia evolutiva para passarmos para a quinta dimens\u00e3o. Essa atividade precisar\u00e1 de todas as nossas for\u00e7as, especialmente do consciente para somar capacidades evolutivas que nos abra a porta da quinta dimens\u00e3o.<\/p>\n","protected":false},"excerpt":{"rendered":"<p>13\/09\/2022 As respostas que o universo d\u00e1 \u00e0s nossas cria\u00e7\u00f5es, dependem \u00fanica e exclusivamente daquilo que criamos. Se a nossa capacidade criativa nos leva a melhorar nossas cria\u00e7\u00f5es, fatalmente o universo responder\u00e1 na mesma propor\u00e7\u00e3o. Tudo depende de nosso agora, do que estamos fazendo com ele. \u00c9 claro, as cria\u00e7\u00f5es do passado precis\u00e3o ser exorcizada, [&hellip;]<\/p>\n","protected":false},"author":1,"featured_media":0,"comment_status":"open","ping_status":"open","sticky":false,"template":"","format":"standard","meta":{"_mi_skip_tracking":false},"categories":[33],"tags":[],"_links":{"self":[{"href":"https:\/\/www.miguelfaccio.com.br\/blog\/index.php\/wp-json\/wp\/v2\/posts\/18987"}],"collection":[{"href":"https:\/\/www.miguelfaccio.com.br\/blog\/index.php\/wp-json\/wp\/v2\/posts"}],"about":[{"href":"https:\/\/www.miguelfaccio.com.br\/blog\/index.php\/wp-json\/wp\/v2\/types\/post"}],"author":[{"embeddable":true,"href":"https:\/\/www.miguelfaccio.com.br\/blog\/index.php\/wp-json\/wp\/v2\/users\/1"}],"replies":[{"embeddable":true,"href":"https:\/\/www.miguelfaccio.com.br\/blog\/index.php\/wp-json\/wp\/v2\/comments?post=18987"}],"version-history":[{"count":1,"href":"https:\/\/www.miguelfaccio.com.br\/blog\/index.php\/wp-json\/wp\/v2\/posts\/18987\/revisions"}],"predecessor-version":[{"id":18988,"href":"https:\/\/www.miguelfaccio.com.br\/blog\/index.php\/wp-json\/wp\/v2\/posts\/18987\/revisions\/18988"}],"wp:attachment":[{"href":"https:\/\/www.miguelfaccio.com.br\/blog\/index.php\/wp-json\/wp\/v2\/media?parent=18987"}],"wp:term":[{"taxonomy":"category","embeddable":true,"href":"https:\/\/www.miguelfaccio.com.br\/blog\/index.php\/wp-json\/wp\/v2\/categories?post=18987"},{"taxonomy":"post_tag","embeddable":true,"href":"https:\/\/www.miguelfaccio.com.br\/blog\/index.php\/wp-json\/wp\/v2\/tags?post=18987"}],"curies":[{"name":"wp","href":"https:\/\/api.w.org\/{rel}","templated":true}]}}