{"id":18985,"date":"2025-02-20T10:10:39","date_gmt":"2025-02-20T13:10:39","guid":{"rendered":"https:\/\/www.miguelfaccio.com.br\/blog\/?p=18985"},"modified":"2025-02-20T10:10:41","modified_gmt":"2025-02-20T13:10:41","slug":"rcd3965-raios-ou-chamas","status":"publish","type":"post","link":"https:\/\/www.miguelfaccio.com.br\/blog\/index.php\/rcd3965-raios-ou-chamas\/","title":{"rendered":"RCD3965 Raios ou Chamas"},"content":{"rendered":"\n<p class=\"has-text-align-right\"><strong>Mensagem do Universo <br>Atrav\u00e9s de Brenda Hoffman<\/strong><\/p>\n\n\n\n<p>VOC\u00ca \u00c9 O ADULTO NA SALA<\/p>\n\n\n\n<p>continua\u00e7\u00e3o<\/p>\n\n\n\n<p>Esse papel subserviente 3D acabou. Ningu\u00e9m \u00e9 mais ou menos poderoso do que voc\u00ea. Ao mesmo tempo, voc\u00ea deve reivindicar seu poder. O que voc\u00ea precisa ou quer, e o que voc\u00ea est\u00e1 fazendo para cri\u00e1-lo?<\/p>\n\n\n\n<p>Historicamente, as pessoas sobreviveram e prosperaram no pior dos tempos 3D, apesar de n\u00e3o acessarem as habilidades que voc\u00ea tem agora dispon\u00edveis. Voc\u00ea criou sua funda\u00e7\u00e3o e construiu sua estrutura. Agora, \u00e9 hora de preencher as paredes e o teto. A \u00fanica maneira de fazer isso \u00e9 saber que os acontecimentos do mundo exterior n\u00e3o fazem parte do seu mundo e nunca mais far\u00e3o.<\/p>\n\n\n\n<p>O que voc\u00ea precisa ou quer? Essas s\u00e3o suas paredes e seu teto. A \u00fanica maneira de cri\u00e1-los \u00e9 ignorar o que est\u00e1 acontecendo em seu mundo 3D \u2013 um mundo do qual voc\u00ea n\u00e3o \u00e9 mais um participante.<\/p>\n\n\n\n<p>Claro, muitos de voc\u00eas respondem que est\u00e3o preocupados com os outros ou n\u00e3o t\u00eam as habilidades ou a cren\u00e7a para criar o que precisam. E ent\u00e3o, \u00e9 claro, voc\u00eas n\u00e3o podem.<\/p>\n\n\n\n<p>\u00c9 hora de voc\u00ea bater os calcanhares e ir para casa como Dorothy fez em O M\u00e1gico de Oz, depois de descobrir que tinha o poder de fazer isso durante sua jornada muitas vezes assustadora.<\/p>\n\n\n\n<p>N\u00e3o se preocupe ou tema. O mundo exterior que parece estar de cabe\u00e7a para baixo e de dentro para fora n\u00e3o \u00e9 mais o seu mundo, assim como n\u00e3o \u00e9 verdade uma \u201ccasa de divers\u00e3o\u201d em um carnaval local.<\/p>\n\n\n\n<p>Voc\u00ea pode ficar assustado com as mudan\u00e7as cont\u00ednuas no mundo 3D ou pode reconhecer que n\u00e3o faz mais parte daquele mundo e criar o mundo que \u00e9 certo para voc\u00ea.<\/p>\n\n\n\n<p>Pule atrav\u00e9s da sua linha de medo. Ignore os belicistas e corretores de poder e perceba que eles t\u00eam poder 3D limitado, que n\u00e3o \u00e9 mais relevante para voc\u00ea ou qualquer um que n\u00e3o queira estar sob o feiti\u00e7o deles. Assim como voc\u00ea permitiu que seu filho de dois anos tivesse um acesso de raiva, sabendo que era irritante, mas n\u00e3o destrutivo para voc\u00ea ou seu filho de dois anos. Voc\u00ea \u00e9 o adulto na sala.<\/p>\n\n\n\n<p>Reivindique a si mesmo e seu poder.<\/p>\n\n\n\n<p>Voc\u00ea n\u00e3o \u00e9 mais da 3D e nunca mais ser\u00e1.<\/p>\n\n\n\n<p>Assim \u00e9.<\/p>\n\n\n\n<p>Am\u00e9m<\/p>\n\n\n\n<p>Formata\u00e7\u00e3o e tradu\u00e7\u00e3o \u2013 DE CORA\u00c7\u00c3O A CORA\u00c7\u00c3O<\/p>\n\n\n\n<figure class=\"wp-block-embed\"><div class=\"wp-block-embed__wrapper\">\nhttp:\/\/www.decoracaoacoracao.blog.br\/\n<\/div><\/figure>\n\n\n\n<figure class=\"wp-block-embed\"><div class=\"wp-block-embed__wrapper\">\nhttp:\/\/stelalecocq.blogspot.com\n<\/div><\/figure>\n\n\n\n<figure class=\"wp-block-embed\"><div class=\"wp-block-embed__wrapper\">\nhttps:\/\/lecocq.wordpress.com\n<\/div><\/figure>\n\n\n\n<p>Instagram \u2013 @blogdecoracaoacoracao<\/p>\n\n\n\n<p>Informa\u00e7\u00f5es e Agendamentos para Mesa Qu\u00e2ntica Estelar, Mesa Pet, Mesa Qu\u00e2ntica 2.0, Florais de Bach, Sistema Regenerador Ashtariano, Sistema Arcturiano de Cura Multidimensional \u2013 lecocqmuller@gmail.com<\/p>\n\n\n\n<p>E-book \u201cMensagens dos Mestres \u2013 De Cora\u00e7\u00e3o a Cora\u00e7\u00e3o\u201d \u2013 https:\/\/mensagensdosmestres.blogspot.com\/<\/p>\n\n\n\n<p>Copyright 2009-2025, Brenda Hoffman \u2013 LifeTapestryCreations.com<\/p>\n\n\n\n<p>Respeite todos os cr\u00e9ditos ao compartilhar<\/p>\n\n\n\n<p>LUZ!<\/p>\n\n\n\n<p>STELA<\/p>\n","protected":false},"excerpt":{"rendered":"<p>Mensagem do Universo Atrav\u00e9s de Brenda Hoffman VOC\u00ca \u00c9 O ADULTO NA SALA continua\u00e7\u00e3o Esse papel subserviente 3D acabou. Ningu\u00e9m \u00e9 mais ou menos poderoso do que voc\u00ea. Ao mesmo tempo, voc\u00ea deve reivindicar seu poder. O que voc\u00ea precisa ou quer, e o que voc\u00ea est\u00e1 fazendo para cri\u00e1-lo? Historicamente, as pessoas sobreviveram e [&hellip;]<\/p>\n","protected":false},"author":1,"featured_media":0,"comment_status":"open","ping_status":"open","sticky":false,"template":"","format":"standard","meta":{"_mi_skip_tracking":false},"categories":[3],"tags":[],"_links":{"self":[{"href":"https:\/\/www.miguelfaccio.com.br\/blog\/index.php\/wp-json\/wp\/v2\/posts\/18985"}],"collection":[{"href":"https:\/\/www.miguelfaccio.com.br\/blog\/index.php\/wp-json\/wp\/v2\/posts"}],"about":[{"href":"https:\/\/www.miguelfaccio.com.br\/blog\/index.php\/wp-json\/wp\/v2\/types\/post"}],"author":[{"embeddable":true,"href":"https:\/\/www.miguelfaccio.com.br\/blog\/index.php\/wp-json\/wp\/v2\/users\/1"}],"replies":[{"embeddable":true,"href":"https:\/\/www.miguelfaccio.com.br\/blog\/index.php\/wp-json\/wp\/v2\/comments?post=18985"}],"version-history":[{"count":1,"href":"https:\/\/www.miguelfaccio.com.br\/blog\/index.php\/wp-json\/wp\/v2\/posts\/18985\/revisions"}],"predecessor-version":[{"id":18986,"href":"https:\/\/www.miguelfaccio.com.br\/blog\/index.php\/wp-json\/wp\/v2\/posts\/18985\/revisions\/18986"}],"wp:attachment":[{"href":"https:\/\/www.miguelfaccio.com.br\/blog\/index.php\/wp-json\/wp\/v2\/media?parent=18985"}],"wp:term":[{"taxonomy":"category","embeddable":true,"href":"https:\/\/www.miguelfaccio.com.br\/blog\/index.php\/wp-json\/wp\/v2\/categories?post=18985"},{"taxonomy":"post_tag","embeddable":true,"href":"https:\/\/www.miguelfaccio.com.br\/blog\/index.php\/wp-json\/wp\/v2\/tags?post=18985"}],"curies":[{"name":"wp","href":"https:\/\/api.w.org\/{rel}","templated":true}]}}