{"id":18983,"date":"2025-02-20T10:09:00","date_gmt":"2025-02-20T13:09:00","guid":{"rendered":"https:\/\/www.miguelfaccio.com.br\/blog\/?p=18983"},"modified":"2025-02-20T10:09:02","modified_gmt":"2025-02-20T13:09:02","slug":"plv4016-livro-27-diario-12-09-2022","status":"publish","type":"post","link":"https:\/\/www.miguelfaccio.com.br\/blog\/index.php\/plv4016-livro-27-diario-12-09-2022\/","title":{"rendered":"PLV4016 \u2013 Livro 27 \u2013 Di\u00e1rio, 12\/09\/2022"},"content":{"rendered":"\n<p class=\"has-text-align-right\"><strong>12\/09\/2022<\/strong><\/p>\n\n\n\n<p>As coisas do esp\u00edrito muitas vezes est\u00e3o ligadas \u00e0 mat\u00e9ria. S\u00e3o situa\u00e7\u00f5es em que \u00e9 uma necessidade do esp\u00edrito, quando ele precisa experienciar conhecimentos necess\u00e1rios \u00e0 sua evolu\u00e7\u00e3o. A mat\u00e9ria \u00e9 o melhor lugar onde se p\u00f5e em pr\u00e1tica os conhecimentos que precisa para completar aquela parte de sua evolu\u00e7\u00e3o. Em cada orbe existentes no universo todos est\u00e3o sendo utilizados para servir de morada a seres nas mais diversas evolu\u00e7\u00f5es. N\u00e3o podemos esquecer que h\u00e1 26 dimens\u00f5es evolutivas. Os s\u00f3is, podem n\u00e3o ser poss\u00edvel \u00e0 vida nas primeiras dimens\u00f5es, porque est\u00e3o muito ligadas \u00e0 mat\u00e9ria. Mas, ap\u00f3s certas evolu\u00e7\u00f5es adquiridas, os s\u00f3is podem ser visitados e inclusive \u00e9 local de reuni\u00f5es \u00e0 esp\u00edritos muito evolu\u00eddos. Os s\u00f3is podem queimar a mat\u00e9ria, mas n\u00e3o queimam os esp\u00edritos. S\u00e3o energias iguais, em est\u00e1gios diferentes. Assim como acontece quando o corpo morre, o esp\u00edrito vai para um local onde o coloca sua evolu\u00e7\u00e3o, nem mais, nem menos. O que h\u00e1 acima de nossas cabe\u00e7as \u00e9 regido por evolu\u00e7\u00f5es. Evolu\u00e7\u00f5es s\u00e3o est\u00e1gios onde se congregam seres na mesma faixa vibrat\u00f3ria. O que determina a coloca\u00e7\u00e3o nestas faixas \u00e9 evolu\u00e7\u00e3o que cada ser alcan\u00e7ou em seus est\u00e1gios na mat\u00e9ria. A mat\u00e9ria \u00e9 para isso, possibilitar ao esp\u00edrito a experiencia\u00e7\u00e3o e assim alcan\u00e7ar outro n\u00edvel evolutivo no t\u00e9rmino de seu est\u00e1gio na mat\u00e9ria.<\/p>\n","protected":false},"excerpt":{"rendered":"<p>12\/09\/2022 As coisas do esp\u00edrito muitas vezes est\u00e3o ligadas \u00e0 mat\u00e9ria. S\u00e3o situa\u00e7\u00f5es em que \u00e9 uma necessidade do esp\u00edrito, quando ele precisa experienciar conhecimentos necess\u00e1rios \u00e0 sua evolu\u00e7\u00e3o. A mat\u00e9ria \u00e9 o melhor lugar onde se p\u00f5e em pr\u00e1tica os conhecimentos que precisa para completar aquela parte de sua evolu\u00e7\u00e3o. Em cada orbe existentes [&hellip;]<\/p>\n","protected":false},"author":1,"featured_media":0,"comment_status":"open","ping_status":"open","sticky":false,"template":"","format":"standard","meta":{"_mi_skip_tracking":false},"categories":[33],"tags":[],"_links":{"self":[{"href":"https:\/\/www.miguelfaccio.com.br\/blog\/index.php\/wp-json\/wp\/v2\/posts\/18983"}],"collection":[{"href":"https:\/\/www.miguelfaccio.com.br\/blog\/index.php\/wp-json\/wp\/v2\/posts"}],"about":[{"href":"https:\/\/www.miguelfaccio.com.br\/blog\/index.php\/wp-json\/wp\/v2\/types\/post"}],"author":[{"embeddable":true,"href":"https:\/\/www.miguelfaccio.com.br\/blog\/index.php\/wp-json\/wp\/v2\/users\/1"}],"replies":[{"embeddable":true,"href":"https:\/\/www.miguelfaccio.com.br\/blog\/index.php\/wp-json\/wp\/v2\/comments?post=18983"}],"version-history":[{"count":1,"href":"https:\/\/www.miguelfaccio.com.br\/blog\/index.php\/wp-json\/wp\/v2\/posts\/18983\/revisions"}],"predecessor-version":[{"id":18984,"href":"https:\/\/www.miguelfaccio.com.br\/blog\/index.php\/wp-json\/wp\/v2\/posts\/18983\/revisions\/18984"}],"wp:attachment":[{"href":"https:\/\/www.miguelfaccio.com.br\/blog\/index.php\/wp-json\/wp\/v2\/media?parent=18983"}],"wp:term":[{"taxonomy":"category","embeddable":true,"href":"https:\/\/www.miguelfaccio.com.br\/blog\/index.php\/wp-json\/wp\/v2\/categories?post=18983"},{"taxonomy":"post_tag","embeddable":true,"href":"https:\/\/www.miguelfaccio.com.br\/blog\/index.php\/wp-json\/wp\/v2\/tags?post=18983"}],"curies":[{"name":"wp","href":"https:\/\/api.w.org\/{rel}","templated":true}]}}