{"id":18979,"date":"2025-02-19T07:37:26","date_gmt":"2025-02-19T10:37:26","guid":{"rendered":"https:\/\/www.miguelfaccio.com.br\/blog\/?p=18979"},"modified":"2025-02-19T07:37:29","modified_gmt":"2025-02-19T10:37:29","slug":"plv4015-livro-27-diario-11-09-2022","status":"publish","type":"post","link":"https:\/\/www.miguelfaccio.com.br\/blog\/index.php\/plv4015-livro-27-diario-11-09-2022\/","title":{"rendered":"PLV4015 \u2013 Livro 27 \u2013 Di\u00e1rio, 11\/09\/2022"},"content":{"rendered":"\n<p class=\"has-text-align-right\"><strong>11\/09\/2022<\/strong><\/p>\n\n\n\n<p>Os eventos previstos podem surgir ou n\u00e3o dependendo da continua\u00e7\u00e3o dos fatos que levaram aquelas dedu\u00e7\u00f5es. Quando os fatos continuam a acumular-se, pode at\u00e9 ser antecipado o evento. Agora, quando os fatos forem amainados, podem, at\u00e9, ser deletado o evento. Isso, n\u00e3o \u00e9 regra. A s\u00edntese de tudo est\u00e1 em que, Como diz Jesus, \u201c<em>a semeadura e livre, mas a colheita \u00e9 obrigat\u00f3ria<\/em>\u201d. Ou a ci\u00eancia dos homens, quando diz, \u201ca todo o ato h\u00e1 um outro ato na mesma intensidade, mas em sentido contr\u00e1rio\u201d. Isso, propriamente, \u00e9 a lei. Como diz Saint Germain, \u201c<em>as consequ\u00eancias de nossos atos podem ser at\u00e9 queimadas como o Fogo da Chama Violeta<\/em>\u201d. Isso com respeito tudo na vida. Se a consequ\u00eancia dos fatos previstos no passado for cessada, ent\u00e3o os fatos tamb\u00e9m deixar\u00e3o de ter sua necessidade. Isso tudo, se expressa na energia, portanto fora da mat\u00e9ria, onde se formam as consequ\u00eancias, mas o fato \u00e9 exclusividade da energia, ou em outras palavras determinados por altas intelig\u00eancias e consci\u00eancias que comandam esta parte do universo. A eles est\u00e1, diretamente, a determina\u00e7\u00e3o do fa\u00e7a-se, aquele vento previsto. Quando isso n\u00e3o acontece \u00e9 que foram dirimidas as consequ\u00eancias. Isso acontece pela mudan\u00e7a das atitudes dos homens, que excluindo picuinhas elevam seus n\u00edveis vibrat\u00f3rios, suas energias al\u00e9m das poss\u00edveis consequ\u00eancias, tornando-as sanadas. Todas as eleva\u00e7\u00f5es das vibra\u00e7\u00f5es dos seres humanos s\u00e3o ben\u00e9ficas para a humanidade.<\/p>\n","protected":false},"excerpt":{"rendered":"<p>11\/09\/2022 Os eventos previstos podem surgir ou n\u00e3o dependendo da continua\u00e7\u00e3o dos fatos que levaram aquelas dedu\u00e7\u00f5es. Quando os fatos continuam a acumular-se, pode at\u00e9 ser antecipado o evento. Agora, quando os fatos forem amainados, podem, at\u00e9, ser deletado o evento. Isso, n\u00e3o \u00e9 regra. A s\u00edntese de tudo est\u00e1 em que, Como diz Jesus, [&hellip;]<\/p>\n","protected":false},"author":1,"featured_media":0,"comment_status":"open","ping_status":"open","sticky":false,"template":"","format":"standard","meta":{"_mi_skip_tracking":false},"categories":[33],"tags":[],"_links":{"self":[{"href":"https:\/\/www.miguelfaccio.com.br\/blog\/index.php\/wp-json\/wp\/v2\/posts\/18979"}],"collection":[{"href":"https:\/\/www.miguelfaccio.com.br\/blog\/index.php\/wp-json\/wp\/v2\/posts"}],"about":[{"href":"https:\/\/www.miguelfaccio.com.br\/blog\/index.php\/wp-json\/wp\/v2\/types\/post"}],"author":[{"embeddable":true,"href":"https:\/\/www.miguelfaccio.com.br\/blog\/index.php\/wp-json\/wp\/v2\/users\/1"}],"replies":[{"embeddable":true,"href":"https:\/\/www.miguelfaccio.com.br\/blog\/index.php\/wp-json\/wp\/v2\/comments?post=18979"}],"version-history":[{"count":1,"href":"https:\/\/www.miguelfaccio.com.br\/blog\/index.php\/wp-json\/wp\/v2\/posts\/18979\/revisions"}],"predecessor-version":[{"id":18980,"href":"https:\/\/www.miguelfaccio.com.br\/blog\/index.php\/wp-json\/wp\/v2\/posts\/18979\/revisions\/18980"}],"wp:attachment":[{"href":"https:\/\/www.miguelfaccio.com.br\/blog\/index.php\/wp-json\/wp\/v2\/media?parent=18979"}],"wp:term":[{"taxonomy":"category","embeddable":true,"href":"https:\/\/www.miguelfaccio.com.br\/blog\/index.php\/wp-json\/wp\/v2\/categories?post=18979"},{"taxonomy":"post_tag","embeddable":true,"href":"https:\/\/www.miguelfaccio.com.br\/blog\/index.php\/wp-json\/wp\/v2\/tags?post=18979"}],"curies":[{"name":"wp","href":"https:\/\/api.w.org\/{rel}","templated":true}]}}