{"id":18976,"date":"2025-02-18T08:14:20","date_gmt":"2025-02-18T11:14:20","guid":{"rendered":"https:\/\/www.miguelfaccio.com.br\/blog\/?p=18976"},"modified":"2025-02-18T08:14:21","modified_gmt":"2025-02-18T11:14:21","slug":"rcd3963-raios-ou-chamas","status":"publish","type":"post","link":"https:\/\/www.miguelfaccio.com.br\/blog\/index.php\/rcd3963-raios-ou-chamas\/","title":{"rendered":"RCD3963 Raios ou Chamas"},"content":{"rendered":"\n<p class=\"has-text-align-right\"><strong>MENSAGENS DE JAV\u00e9<\/strong><\/p>\n\n\n\n<p>Nova mensagem&nbsp; marcio 14 fevereiro 2025 \u00e0(s) 10:50<\/p>\n\n\n\n<p>Nestes \u00faltimos anos n\u00e3o estamos tendo muito tempo para conversar com voc\u00eas.<\/p>\n\n\n\n<p>A luta di\u00e1ria tem sido grande.<\/p>\n\n\n\n<p>No hemisf\u00e9rio norte n\u00e3o existe uma s\u00f3 casa que n\u00e3o tenha um ou mais morador acreditando que est\u00e3o fazendo a coisa certa em continuar com esta polui\u00e7\u00e3o desenfreada.<\/p>\n\n\n\n<p>Tudo, sem se preocuparem com o futuro do planeta.<\/p>\n\n\n\n<p>&#8211; Posso perguntar?<\/p>\n\n\n\n<p>Pode.<\/p>\n\n\n\n<p>&#8211; Existe mesmo uma onda de apari\u00e7\u00f5es de naves no planeta?<\/p>\n\n\n\n<p>Por ser assim t\u00e3o direto, serei tamb\u00e9m direto.<\/p>\n\n\n\n<p>O que existe \u00e9 algo que faz parte da abertura sobre a nossa exist\u00eancia.<\/p>\n\n\n\n<p>&#8211; Exist\u00eancia de extraterrestres ou intraterrenos?<\/p>\n\n\n\n<p>Mais sobre os intraterrenos que vivem aqui na Terra e tanto sofrem com a polui\u00e7\u00e3o que voc\u00eas produzem.<\/p>\n\n\n\n<p>O problema Marcio \u00e9 que merecemos o que est\u00e1 acontecendo.<\/p>\n\n\n\n<p>No passado quando voc\u00eas come\u00e7aram a poluir dever\u00edamos ensinar a voc\u00eas a viverem de forma limpa.<\/p>\n\n\n\n<p>Mas algu\u00e9m que n\u00e3o quero mencionar nos proibiu de nos aproximarmos de voc\u00eas.<\/p>\n\n\n\n<p>Ele mesmo, o Messias, o Pai que sempre protegeu voc\u00eas de tudo e de todos.<\/p>\n\n\n\n<p>E agora est\u00e1 ai.., a polui\u00e7\u00e3o.<\/p>\n\n\n\n<p>A Terra \u00e9 a maior cria\u00e7\u00e3o divina em termos de flora e fauna sendo destru\u00edda por voc\u00eas.<\/p>\n\n\n\n<p>Vamos ter um pouco mais de paci\u00eancia e vamos nos aproximar de voc\u00eas para ensinar a cuidar deste planeta.<\/p>\n\n\n\n<p>Mas seremos t\u00e3o diretos como voc\u00ea est\u00e1 sendo conosco.<\/p>\n\n\n\n<p>&#8211; Entendi.<\/p>\n\n\n\n<p>&#8211; Existe como transportar bilh\u00f5es de pessoas de um lado a outro sem poluir?<\/p>\n\n\n\n<p>Movimentar pessoas ou materiais \u00e9 algo que fazemos h\u00e1 milh\u00f5es de anos sem poluir.<\/p>\n\n\n\n<p>&#8211; Existe como melhorar a sa\u00fade de bilh\u00f5es de pessoas para evitar tantos rem\u00e9dios?<\/p>\n\n\n\n<p>Mostro como melhorar a sa\u00fade de voc\u00eas sem tantos rem\u00e9dios.<\/p>\n\n\n\n<p>&#8211; Tem como acabar com a fome e a pobreza, a fim de acabar com estes sofrimentos para eles pobres e para nos classes acima.<\/p>\n\n\n\n<p>Retirar estes pensamentos de riqueza de voc\u00eas \u00e9 algo dif\u00edcil, mas tem sim como fazer todos viverem felizes.<\/p>\n\n\n\n<p>Resumimos tudo em poucas palavras.<\/p>\n\n\n\n<p>Agora quero te dizer que ningu\u00e9m quer ver voc\u00eas sofrerem.<\/p>\n\n\n\n<p>Ent\u00e3o retiraremos o v\u00e9u que existe diante dos olhos de voc\u00eas aos poucos a fim de que n\u00e3o sofram tanto com a verdade que aparecer\u00e1 diante de voc\u00eas.<\/p>\n\n\n\n<p>Fiquem sabendo que vamos nos encontrar muito em breve.<\/p>\n\n\n\n<p>Fiquem na paz<\/p>\n\n\n\n<p>JAVe<\/p>\n\n\n\n<p>&#8230;<\/p>\n\n\n\n<p>..<\/p>\n\n\n\n<p>.<\/p>\n\n\n\n<p>Quando eles falam em &#8220;Em breve&#8221; sinto que ser\u00e1 daqui a muitos e muitos anos.<\/p>\n\n\n\n<p>A sensa\u00e7\u00e3o que tenho \u00e9 que eles vivem em uma dimens\u00e3o onde o tempo \u00e9 diferente.<\/p>\n\n\n\n<p>Meses da terra devem ser horas ou coisa assim para eles.<\/p>\n\n\n\n<p>Abra\u00e7o a todos.<\/p>\n\n\n\n<p>Marcio<\/p>\n","protected":false},"excerpt":{"rendered":"<p>MENSAGENS DE JAV\u00e9 Nova mensagem&nbsp; marcio 14 fevereiro 2025 \u00e0(s) 10:50 Nestes \u00faltimos anos n\u00e3o estamos tendo muito tempo para conversar com voc\u00eas. A luta di\u00e1ria tem sido grande. No hemisf\u00e9rio norte n\u00e3o existe uma s\u00f3 casa que n\u00e3o tenha um ou mais morador acreditando que est\u00e3o fazendo a coisa certa em continuar com esta [&hellip;]<\/p>\n","protected":false},"author":1,"featured_media":0,"comment_status":"open","ping_status":"open","sticky":false,"template":"","format":"standard","meta":{"_mi_skip_tracking":false},"categories":[3],"tags":[],"_links":{"self":[{"href":"https:\/\/www.miguelfaccio.com.br\/blog\/index.php\/wp-json\/wp\/v2\/posts\/18976"}],"collection":[{"href":"https:\/\/www.miguelfaccio.com.br\/blog\/index.php\/wp-json\/wp\/v2\/posts"}],"about":[{"href":"https:\/\/www.miguelfaccio.com.br\/blog\/index.php\/wp-json\/wp\/v2\/types\/post"}],"author":[{"embeddable":true,"href":"https:\/\/www.miguelfaccio.com.br\/blog\/index.php\/wp-json\/wp\/v2\/users\/1"}],"replies":[{"embeddable":true,"href":"https:\/\/www.miguelfaccio.com.br\/blog\/index.php\/wp-json\/wp\/v2\/comments?post=18976"}],"version-history":[{"count":1,"href":"https:\/\/www.miguelfaccio.com.br\/blog\/index.php\/wp-json\/wp\/v2\/posts\/18976\/revisions"}],"predecessor-version":[{"id":18977,"href":"https:\/\/www.miguelfaccio.com.br\/blog\/index.php\/wp-json\/wp\/v2\/posts\/18976\/revisions\/18977"}],"wp:attachment":[{"href":"https:\/\/www.miguelfaccio.com.br\/blog\/index.php\/wp-json\/wp\/v2\/media?parent=18976"}],"wp:term":[{"taxonomy":"category","embeddable":true,"href":"https:\/\/www.miguelfaccio.com.br\/blog\/index.php\/wp-json\/wp\/v2\/categories?post=18976"},{"taxonomy":"post_tag","embeddable":true,"href":"https:\/\/www.miguelfaccio.com.br\/blog\/index.php\/wp-json\/wp\/v2\/tags?post=18976"}],"curies":[{"name":"wp","href":"https:\/\/api.w.org\/{rel}","templated":true}]}}