{"id":18974,"date":"2025-02-18T08:12:52","date_gmt":"2025-02-18T11:12:52","guid":{"rendered":"https:\/\/www.miguelfaccio.com.br\/blog\/?p=18974"},"modified":"2025-02-18T08:12:53","modified_gmt":"2025-02-18T11:12:53","slug":"plv4014-livro-27-diario-10-09-2022","status":"publish","type":"post","link":"https:\/\/www.miguelfaccio.com.br\/blog\/index.php\/plv4014-livro-27-diario-10-09-2022\/","title":{"rendered":"PLV4014 \u2013 Livro 27 \u2013 Di\u00e1rio, 10\/09\/2022"},"content":{"rendered":"\n<p class=\"has-text-align-right\"><strong>10\/09\/2022<\/strong><\/p>\n\n\n\n<p>A expans\u00e3o da luz de cada ser humano depende de sua pr\u00f3pria op\u00e7\u00e3o. Somos todos como fachos de luz, porque tudo \u00e9 luz no universo, que nossos olhos f\u00edsicos n\u00e3o conseguem ver. S\u00f3 para uma pequena demonstra\u00e7\u00e3o. Um \u00e1tomo \u00e9 composto de el\u00e9trons (pequenos focos de luz) que giram em torno de um n\u00facleo. A mat\u00e9ria se comp\u00f5e desses pequenos focos de luz, ent\u00e3o \u00e9 luz tamb\u00e9m. O nosso corpo f\u00edsico \u00e9 luz, e nosso esp\u00edrito \u00e9 pura luz. Todo o universo tamb\u00e9m \u00e9 luz. \u00c9 claro que cada um desses focos de luz brilha conforme sua evolu\u00e7\u00e3o, sua colora\u00e7\u00e3o, sua gradua\u00e7\u00e3o evolutiva dentro do universo. \u00c9 a intensidade da luz que cada um emite, \u00e9 que o ordena dentro do universo. A luz que cada um representa repercute, corresponde a sua evolu\u00e7\u00e3o, pode e deve ser desenvolvida atrav\u00e9s da experiencia\u00e7\u00e3o dos conhecimentos que \u00e9 feita dentro de um corpo f\u00edsico. Este \u00e9 o melhor meio de expandir o brilho da pr\u00f3pria luz. Todos os seres criados, iniciaram sua exist\u00eancia na maior simplicidade poss\u00edvel e precisou se dedicar para desenvolver seu pequeno facho de luz. Suas m\u00faltiplas encarna\u00e7\u00f5es pelos mais diversos planetas deste universo, corroboraram para que alcan\u00e7asse o patamar evolutivo em que est\u00e1, mas muito ainda precisa andar para chegar \u00e0 mestria.<\/p>\n","protected":false},"excerpt":{"rendered":"<p>10\/09\/2022 A expans\u00e3o da luz de cada ser humano depende de sua pr\u00f3pria op\u00e7\u00e3o. Somos todos como fachos de luz, porque tudo \u00e9 luz no universo, que nossos olhos f\u00edsicos n\u00e3o conseguem ver. S\u00f3 para uma pequena demonstra\u00e7\u00e3o. Um \u00e1tomo \u00e9 composto de el\u00e9trons (pequenos focos de luz) que giram em torno de um n\u00facleo. [&hellip;]<\/p>\n","protected":false},"author":1,"featured_media":0,"comment_status":"open","ping_status":"open","sticky":false,"template":"","format":"standard","meta":{"_mi_skip_tracking":false},"categories":[33],"tags":[],"_links":{"self":[{"href":"https:\/\/www.miguelfaccio.com.br\/blog\/index.php\/wp-json\/wp\/v2\/posts\/18974"}],"collection":[{"href":"https:\/\/www.miguelfaccio.com.br\/blog\/index.php\/wp-json\/wp\/v2\/posts"}],"about":[{"href":"https:\/\/www.miguelfaccio.com.br\/blog\/index.php\/wp-json\/wp\/v2\/types\/post"}],"author":[{"embeddable":true,"href":"https:\/\/www.miguelfaccio.com.br\/blog\/index.php\/wp-json\/wp\/v2\/users\/1"}],"replies":[{"embeddable":true,"href":"https:\/\/www.miguelfaccio.com.br\/blog\/index.php\/wp-json\/wp\/v2\/comments?post=18974"}],"version-history":[{"count":1,"href":"https:\/\/www.miguelfaccio.com.br\/blog\/index.php\/wp-json\/wp\/v2\/posts\/18974\/revisions"}],"predecessor-version":[{"id":18975,"href":"https:\/\/www.miguelfaccio.com.br\/blog\/index.php\/wp-json\/wp\/v2\/posts\/18974\/revisions\/18975"}],"wp:attachment":[{"href":"https:\/\/www.miguelfaccio.com.br\/blog\/index.php\/wp-json\/wp\/v2\/media?parent=18974"}],"wp:term":[{"taxonomy":"category","embeddable":true,"href":"https:\/\/www.miguelfaccio.com.br\/blog\/index.php\/wp-json\/wp\/v2\/categories?post=18974"},{"taxonomy":"post_tag","embeddable":true,"href":"https:\/\/www.miguelfaccio.com.br\/blog\/index.php\/wp-json\/wp\/v2\/tags?post=18974"}],"curies":[{"name":"wp","href":"https:\/\/api.w.org\/{rel}","templated":true}]}}