{"id":18972,"date":"2025-02-17T07:37:43","date_gmt":"2025-02-17T10:37:43","guid":{"rendered":"https:\/\/www.miguelfaccio.com.br\/blog\/?p=18972"},"modified":"2025-02-17T07:37:45","modified_gmt":"2025-02-17T10:37:45","slug":"rcd3962-raios-ou-chamas","status":"publish","type":"post","link":"https:\/\/www.miguelfaccio.com.br\/blog\/index.php\/rcd3962-raios-ou-chamas\/","title":{"rendered":"RCD3962 Raios ou Chamas"},"content":{"rendered":"\n<p class=\"has-text-align-right\"><strong>MENSAGEM DO GRUPO ARCTURIANO <br>Canalizada por Marilyn Rafaelle<\/strong><\/p>\n\n\n\n<p>continua\u00e7\u00e3o<\/p>\n\n\n\n<p>Sem saber que est\u00e3o desalinhados porque sua resson\u00e2ncia energ\u00e9tica \u00e9 maior do que a da maioria das pessoas ao seu redor e porque ainda n\u00e3o s\u00e3o maduros o suficiente para simplesmente ignorar isso, eles come\u00e7am a acreditar que h\u00e1 algo pessoalmente errado com eles e come\u00e7am a agir e adotar comportamentos negativos para \u201cse encaixar\u201d.<\/p>\n\n\n\n<p>O uso de drogas se tornou uma forma popular para indiv\u00edduos de todas as idades se \u201cencaixarem\u201d. Muitos acreditam falsamente que as drogas lhes d\u00e3o experi\u00eancias espirituais e algumas drogas podem duplicar conceitos de experi\u00eancia espiritual, mas estas s\u00e3o tempor\u00e1rias e t\u00e3o ilus\u00f3rias quanto todos os conceitos.<\/p>\n\n\n\n<p>Elas s\u00e3o substitutos tridimensionais para o que s\u00f3 pode ser experimentado por meio da unidade consciente com a Fonte. As drogas n\u00e3o aumentam a espiritualidade, mas a impedem, mantendo a pessoa presa na velha energia.<\/p>\n\n\n\n<p>As drogas se tornaram um modo de vida socialmente aceit\u00e1vel para muitos, sem saber que a paz interior, a alegria, a satisfa\u00e7\u00e3o e a completude que buscam nas drogas j\u00e1 est\u00e3o permanentemente presentes dentro deles.<\/p>\n\n\n\n<p>O uso de drogas pode fornecer uma falsa sensa\u00e7\u00e3o tempor\u00e1ria de realiza\u00e7\u00e3o, mas ao mesmo tempo bloquear\u00e1 o desenvolvimento espiritual real porque refor\u00e7a conceitos de separa\u00e7\u00e3o e, frequentemente, abre portas no campo de energia da pessoa que deveriam permanecer fechadas em seu n\u00edvel atual de consci\u00eancia.<\/p>\n\n\n\n<p>Abrir portas que n\u00e3o deveriam ser abertas pode resultar em apegos, experi\u00eancias desagrad\u00e1veis e \u00e9 frequentemente a raz\u00e3o subjacente a crimes violentos que s\u00e3o explicados pelo perpetrador como ouvir \u201cvozes\u201d que lhe disseram para faz\u00ea-lo. Esta informa\u00e7\u00e3o n\u00e3o \u00e9 para trazer medo, mas sim para inform\u00e1-lo.<\/p>\n\n\n\n<p>Segure a realidade do seu ser em todos os momentos, mesmo que voc\u00ea tenha que fazer isso com dor, car\u00eancia, limita\u00e7\u00e3o ou alguma outra forma de disc\u00f3rdia tridimensional. N\u00e3o lute, resista ou tente freneticamente \u201cconsertar\u201d as coisas, porque uma vez que voc\u00ea saiba que Deus \u00e9 a \u00fanica lei, poder e realidade, voc\u00ea deve come\u00e7ar a viv\u00ea-lo porque \u00e9 a \u00fanica maneira de sair do mundo ilus\u00f3rio que voc\u00ea veio a aceitar como realidade.<\/p>\n\n\n\n<p>Viver cada dia a partir de uma consci\u00eancia da verdade sobre Deus e o homem acabar\u00e1 resultando em se tornar um estado de consci\u00eancia alcan\u00e7ado, onde n\u00e3o haver\u00e1 mais a necessidade de praticar e lembrar da verdade, porque voc\u00ea ser\u00e1 ela. Viver a partir de um n\u00edvel de verdade elevada n\u00e3o significa ignorar ou fingir n\u00e3o ver o que est\u00e1 acontecendo ao seu redor, mas sim estar no mundo, mas n\u00e3o ser dele.<\/p>\n\n\n\n<p>Viver da verdade e da unidade em vez da cren\u00e7a de que os humanos nascem pecadores que devem ser \u201csalvos\u201d n\u00e3o \u00e9 para os fracos de cora\u00e7\u00e3o. \u00c9 dif\u00edcil estar no mundo, mas n\u00e3o ser dele, porque a consci\u00eancia coletiva tridimensional o cerca o tempo todo (lembre-se de que h\u00e1 apenas uma consci\u00eancia e ela \u00e9 onipresente).<\/p>\n\n\n\n<p>A m\u00eddia, os amigos, a fam\u00edlia, os especialistas, as religi\u00f5es organizadas, os pol\u00edticos e os governos pressionam constantemente a humanidade a fazer isso ou aquilo ou eles sofrer\u00e3o consequ\u00eancias terr\u00edveis. Mesmo quando meditando, \u00e9 f\u00e1cil escorregar para a espera de Deus ou de uma experi\u00eancia com Deus vir at\u00e9 voc\u00ea, em vez de saber e descansar na percep\u00e7\u00e3o de que Deus \u00e9 VOC\u00ca, j\u00e1 mais perto do que respirar.<\/p>\n\n\n\n<p>A realidade \u00e9, sempre foi e sempre ser\u00e1 onipresente, mas a maioria ainda carrega uma sobreposi\u00e7\u00e3o de condicionamento e falsa cren\u00e7a que os impede de v\u00ea-la e vivenci\u00e1-la.<\/p>\n\n\n\n<p>O drama e o teatro do sistema de cren\u00e7as tridimensional continuar\u00e3o por um tempo, mas porque Deus e tudo o que Deus \u00e9 \u00e9 a \u00fanica realidade e porque o coletivo est\u00e1 despertando para isso, voc\u00eas ver\u00e3o muitos conceitos tridimensionais familiares ca\u00edrem, n\u00e3o tendo mais energia para sustent\u00e1-los.<\/p>\n\n\n\n<p>A Terra da cria\u00e7\u00e3o de Deus \u00e9 e sempre foi uma ideia perfeita na Mente Divina, mas parecer\u00e1 nova \u00e0 medida que mais olhos se abrirem para sua realidade.<\/p>\n\n\n\n<p>~ N\u00f3s Somos o Grupo Arcturiano<\/p>\n\n\n\n<p>Formata\u00e7\u00e3o \u2013 DE CORA\u00c7\u00c3O A CORA\u00c7\u00c3O<\/p>\n\n\n\n<figure class=\"wp-block-embed\"><div class=\"wp-block-embed__wrapper\">\nhttp:\/\/www.decoracaoacoracao.blog.br\/\n<\/div><\/figure>\n\n\n\n<figure class=\"wp-block-embed\"><div class=\"wp-block-embed__wrapper\">\nhttp:\/\/stelalecocq.blogspot.com\n<\/div><\/figure>\n\n\n\n<figure class=\"wp-block-embed\"><div class=\"wp-block-embed__wrapper\">\nhttps:\/\/lecocq.wordpress.com\n<\/div><\/figure>\n\n\n\n<p>Instagram \u2013 @blogdecoracaoacoracao<\/p>\n\n\n\n<p>Informa\u00e7\u00f5es e Agendamentos para Mesa Qu\u00e2ntica Estelar, Mesa Pet, Mesa Qu\u00e2ntica 2.0, Florais de Bach, Sistema Regenerador Ashtariano, Sistema Arcturiano de Cura Multidimensional \u2013 lecocqmuller@gmail.com<\/p>\n\n\n\n<p>E-book \u201cMensagens dos Mestres \u2013 De Cora\u00e7\u00e3o a Cora\u00e7\u00e3o\u201d \u2013 https:\/\/mensagensdosmestres.blogspot.com\/<\/p>\n\n\n\n<p>onenessofall.com<\/p>\n\n\n\n<p>Tradu\u00e7\u00e3o: Alexandre Milanetti milanetti72@gmail.com<\/p>\n\n\n\n<p>Respeite todos os cr\u00e9ditos ao compartilhar<\/p>\n\n\n\n<p>LUZ!<\/p>\n\n\n\n<p>STELA<\/p>\n","protected":false},"excerpt":{"rendered":"<p>MENSAGEM DO GRUPO ARCTURIANO Canalizada por Marilyn Rafaelle continua\u00e7\u00e3o Sem saber que est\u00e3o desalinhados porque sua resson\u00e2ncia energ\u00e9tica \u00e9 maior do que a da maioria das pessoas ao seu redor e porque ainda n\u00e3o s\u00e3o maduros o suficiente para simplesmente ignorar isso, eles come\u00e7am a acreditar que h\u00e1 algo pessoalmente errado com eles e come\u00e7am [&hellip;]<\/p>\n","protected":false},"author":1,"featured_media":0,"comment_status":"open","ping_status":"open","sticky":false,"template":"","format":"standard","meta":{"_mi_skip_tracking":false},"categories":[3],"tags":[],"_links":{"self":[{"href":"https:\/\/www.miguelfaccio.com.br\/blog\/index.php\/wp-json\/wp\/v2\/posts\/18972"}],"collection":[{"href":"https:\/\/www.miguelfaccio.com.br\/blog\/index.php\/wp-json\/wp\/v2\/posts"}],"about":[{"href":"https:\/\/www.miguelfaccio.com.br\/blog\/index.php\/wp-json\/wp\/v2\/types\/post"}],"author":[{"embeddable":true,"href":"https:\/\/www.miguelfaccio.com.br\/blog\/index.php\/wp-json\/wp\/v2\/users\/1"}],"replies":[{"embeddable":true,"href":"https:\/\/www.miguelfaccio.com.br\/blog\/index.php\/wp-json\/wp\/v2\/comments?post=18972"}],"version-history":[{"count":1,"href":"https:\/\/www.miguelfaccio.com.br\/blog\/index.php\/wp-json\/wp\/v2\/posts\/18972\/revisions"}],"predecessor-version":[{"id":18973,"href":"https:\/\/www.miguelfaccio.com.br\/blog\/index.php\/wp-json\/wp\/v2\/posts\/18972\/revisions\/18973"}],"wp:attachment":[{"href":"https:\/\/www.miguelfaccio.com.br\/blog\/index.php\/wp-json\/wp\/v2\/media?parent=18972"}],"wp:term":[{"taxonomy":"category","embeddable":true,"href":"https:\/\/www.miguelfaccio.com.br\/blog\/index.php\/wp-json\/wp\/v2\/categories?post=18972"},{"taxonomy":"post_tag","embeddable":true,"href":"https:\/\/www.miguelfaccio.com.br\/blog\/index.php\/wp-json\/wp\/v2\/tags?post=18972"}],"curies":[{"name":"wp","href":"https:\/\/api.w.org\/{rel}","templated":true}]}}