{"id":18970,"date":"2025-02-17T07:33:42","date_gmt":"2025-02-17T10:33:42","guid":{"rendered":"https:\/\/www.miguelfaccio.com.br\/blog\/?p=18970"},"modified":"2025-02-17T07:33:44","modified_gmt":"2025-02-17T10:33:44","slug":"plv4013-livro-27-diario-09-09-2022","status":"publish","type":"post","link":"https:\/\/www.miguelfaccio.com.br\/blog\/index.php\/plv4013-livro-27-diario-09-09-2022\/","title":{"rendered":"PLV4013 \u2013 Livro 27 \u2013 Di\u00e1rio, 09\/09\/2022"},"content":{"rendered":"\n<p class=\"has-text-align-right\"><strong>09\/09\/2022<\/strong><\/p>\n\n\n\n<p>Para a maioria dos seres humanos o mundo termina quando sobrev\u00e9m \u00e0 morte. Ao menos \u00e9 aquilo que consta em suas mentes bitolados e, se atem somente nas coisas materiais. \u00c9 a \u00fanica coisa que \u00e9 percept\u00edvel aos seus olhos e \u00e0 sua intelig\u00eancia tacanha, que n\u00e3o consegue entender nada do que fuja do entendimento da mat\u00e9ria. Aquilo que h\u00e1 atr\u00e1s da mat\u00e9ria, funciona para si como uma fantasia. N\u00e3o foi acostumado a perceber, a intelectualizar aquilo que est\u00e1 fora da mat\u00e9ria. No entanto, a s\u00edntese do universo est\u00e1 escondida atr\u00e1s da mat\u00e9ria. Essa energia escondida, n\u00e3o pode ser percebida, a n\u00e3o ser por raros videntes, mas com um pouco de exerc\u00edcio e bastante aten\u00e7\u00e3o pode-se senti-la. Intelectualiz\u00e1-la \u00e9 o in\u00edcio de seu entendimento e, paulatinamente, se mostra cada vez mais forte, ao ponto de, entender que ela \u00e9 que comanda tudo o que h\u00e1 no universo levando facilmente a compreens\u00e3o de que elas s\u00f3 podem vir do Deus Uno Pai\/M\u00e3e, que comanda, d\u00e1 a exist\u00eancia a todo o universo. Essa energia pode ser t\u00e3o pequena como um \u00e1tomo e t\u00e3o grande como um planeta, um sistema solar e, em sua maior express\u00e3o como o universo. Precisamos sair de nosso mundinho material para podemos perceber o universo.<\/p>\n","protected":false},"excerpt":{"rendered":"<p>09\/09\/2022 Para a maioria dos seres humanos o mundo termina quando sobrev\u00e9m \u00e0 morte. Ao menos \u00e9 aquilo que consta em suas mentes bitolados e, se atem somente nas coisas materiais. \u00c9 a \u00fanica coisa que \u00e9 percept\u00edvel aos seus olhos e \u00e0 sua intelig\u00eancia tacanha, que n\u00e3o consegue entender nada do que fuja do [&hellip;]<\/p>\n","protected":false},"author":1,"featured_media":0,"comment_status":"open","ping_status":"open","sticky":false,"template":"","format":"standard","meta":{"_mi_skip_tracking":false},"categories":[33],"tags":[],"_links":{"self":[{"href":"https:\/\/www.miguelfaccio.com.br\/blog\/index.php\/wp-json\/wp\/v2\/posts\/18970"}],"collection":[{"href":"https:\/\/www.miguelfaccio.com.br\/blog\/index.php\/wp-json\/wp\/v2\/posts"}],"about":[{"href":"https:\/\/www.miguelfaccio.com.br\/blog\/index.php\/wp-json\/wp\/v2\/types\/post"}],"author":[{"embeddable":true,"href":"https:\/\/www.miguelfaccio.com.br\/blog\/index.php\/wp-json\/wp\/v2\/users\/1"}],"replies":[{"embeddable":true,"href":"https:\/\/www.miguelfaccio.com.br\/blog\/index.php\/wp-json\/wp\/v2\/comments?post=18970"}],"version-history":[{"count":1,"href":"https:\/\/www.miguelfaccio.com.br\/blog\/index.php\/wp-json\/wp\/v2\/posts\/18970\/revisions"}],"predecessor-version":[{"id":18971,"href":"https:\/\/www.miguelfaccio.com.br\/blog\/index.php\/wp-json\/wp\/v2\/posts\/18970\/revisions\/18971"}],"wp:attachment":[{"href":"https:\/\/www.miguelfaccio.com.br\/blog\/index.php\/wp-json\/wp\/v2\/media?parent=18970"}],"wp:term":[{"taxonomy":"category","embeddable":true,"href":"https:\/\/www.miguelfaccio.com.br\/blog\/index.php\/wp-json\/wp\/v2\/categories?post=18970"},{"taxonomy":"post_tag","embeddable":true,"href":"https:\/\/www.miguelfaccio.com.br\/blog\/index.php\/wp-json\/wp\/v2\/tags?post=18970"}],"curies":[{"name":"wp","href":"https:\/\/api.w.org\/{rel}","templated":true}]}}