{"id":18968,"date":"2025-02-16T09:38:56","date_gmt":"2025-02-16T12:38:56","guid":{"rendered":"https:\/\/www.miguelfaccio.com.br\/blog\/?p=18968"},"modified":"2025-02-16T09:38:58","modified_gmt":"2025-02-16T12:38:58","slug":"rcd3961-raios-ou-chamas","status":"publish","type":"post","link":"https:\/\/www.miguelfaccio.com.br\/blog\/index.php\/rcd3961-raios-ou-chamas\/","title":{"rendered":"RCD3961 Raios ou Chamas"},"content":{"rendered":"\n<p class=\"has-text-align-right\"><strong>MENSAGEM DO GRUPO ARCTURIANO <br>Canalizada por Marilyn Rafaelle<\/strong><\/p>\n\n\n\n<p>02\/02\/2025<\/p>\n\n\n\n<p>Caros leitores, saibam que essas mensagens n\u00e3o t\u00eam apenas o objetivo de ensinar e informar, mas tamb\u00e9m de trazer esperan\u00e7a e encorajamento durante esses tempos de confus\u00e3o e caos para muitos.<\/p>\n\n\n\n<p>\u00c0 medida que a frequ\u00eancia da energia da Terra evolui, mentes e cora\u00e7\u00f5es automaticamente come\u00e7am a se abrir e sentir a necessidade de mudan\u00e7a em rela\u00e7\u00e3o a muitas quest\u00f5es que foram aceitas como normais e corretas. No entanto, muitos que buscam mudan\u00e7a a percebem como sendo uma forma diferente do que j\u00e1 est\u00e1 em vigor \u2014 as mesmas cren\u00e7as tridimensionais embaladas de forma diferente.<\/p>\n\n\n\n<p>Mudan\u00e7a lateral n\u00e3o \u00e9 parte do processo de ascens\u00e3o. A energia que manteve e sustentou o sistema de cren\u00e7as tridimensional est\u00e1 se dissolvendo na presen\u00e7a de energia de frequ\u00eancia cada vez mais alta. Voc\u00ea pode comparar o processo a observar desenhos de areia que se formam em uma superf\u00edcie plana quando um som alto ou m\u00fasica \u00e9 tocada.<\/p>\n\n\n\n<p>O padr\u00e3o da areia mudar\u00e1 quando o som ao redor mudar, mas antes de se tornar um novo padr\u00e3o, o atual entra em desordem ca\u00f3tica por um curto per\u00edodo. O mundo neste momento est\u00e1 entre energias, fora de alinhamento com qualquer uma delas, e est\u00e1 experimentando esse mesmo tipo de caos.<\/p>\n\n\n\n<p>Conceitos de servi\u00e7o, sa\u00fade, educa\u00e7\u00e3o, direito, etc. e muitas outras facetas familiares da vida cotidiana n\u00e3o desaparecer\u00e3o, mas sim sua forma atual se dissolver\u00e1, permitindo que reapare\u00e7am como formas novas e mais elevadas, formas que servem a todos, n\u00e3o apenas a alguns poucos selecionados, e que n\u00e3o t\u00eam influ\u00eancia nem contribui\u00e7\u00e3o de interesses externos ego\u00edstas.<\/p>\n\n\n\n<p>Como a energia tridimensional \u00e9 t\u00e3o densa, a maioria dos humanos \u00e9 incapaz de se lembrar ou se alinhar com as frequ\u00eancias mais altas que deixaram e, com o tempo, come\u00e7am a viver e a acreditar no mundo tridimensional da dualidade, separa\u00e7\u00e3o e dois poderes.<\/p>\n\n\n\n<p>Alguns de voc\u00eas podem se sentir indignos de fazer trabalho espiritual por causa de cren\u00e7as e escolhas feitas quando pensavam que eram apenas humanos. Saibam que se est\u00e3o lendo essas mensagens, voc\u00eas escolheram estar na Terra neste momento, preparados, dignos e totalmente cientes do que isso implicaria tanto pessoal quanto globalmente.<\/p>\n\n\n\n<p>Nem todos aqueles que queriam encarnar nesses tempos de ascens\u00e3o foram permitidos. Somente aqueles considerados fortes o suficiente para manter sua Luz diante das disc\u00f3rdias que acompanhariam o processo de ascens\u00e3o da Terra foram permitidos. H\u00e1 muitos na Terra neste momento que n\u00e3o est\u00e3o em um alto n\u00edvel de consci\u00eancia, mas falamos daqueles que queriam fazer parte do processo de ascens\u00e3o da Terra.<\/p>\n\n\n\n<p>Mantenha a luz da verdade sagrada e secretamente dentro de si em todos os momentos e em todas as situa\u00e7\u00f5es. Com os olhos abertos ou fechados, v\u00e1 para dentro com frequ\u00eancia \u2014 sentado em sua mesa, dirigindo, jantando ou em qualquer lugar em que voc\u00ea se encontre.<\/p>\n\n\n\n<p>Simplesmente tire alguns segundos para reconhecer sua UNIDADE. \u201cEU SOU a \u00fanica realidade, lei, causa e efeito, completo e inteiro agora, n\u00e3o no futuro ou quando eu for bom o suficiente, agora .\u201d Use suas pr\u00f3prias palavras, \u00e9 a inten\u00e7\u00e3o, n\u00e3o as palavras que importam.<\/p>\n\n\n\n<p>Muitos jovens adultos est\u00e3o sofrendo neste momento, alguns a ponto de cometer suic\u00eddio. A maioria s\u00e3o almas espiritualmente evolu\u00eddas que queriam desesperadamente participar do processo de ascens\u00e3o da Terra mas, uma vez na densidade da energia tridimensional, eles se esqueceram. Na \u00e9poca do desenvolvimento humano, quando a socializa\u00e7\u00e3o e o \u201cencaixe\u201d parecem muito importantes, muitos deles est\u00e3o descobrindo que n\u00e3o se \u201cencaixam\u201d.<\/p>\n\n\n\n<p>continua<\/p>\n","protected":false},"excerpt":{"rendered":"<p>MENSAGEM DO GRUPO ARCTURIANO Canalizada por Marilyn Rafaelle 02\/02\/2025 Caros leitores, saibam que essas mensagens n\u00e3o t\u00eam apenas o objetivo de ensinar e informar, mas tamb\u00e9m de trazer esperan\u00e7a e encorajamento durante esses tempos de confus\u00e3o e caos para muitos. \u00c0 medida que a frequ\u00eancia da energia da Terra evolui, mentes e cora\u00e7\u00f5es automaticamente come\u00e7am [&hellip;]<\/p>\n","protected":false},"author":1,"featured_media":0,"comment_status":"open","ping_status":"open","sticky":false,"template":"","format":"standard","meta":{"_mi_skip_tracking":false},"categories":[3],"tags":[],"_links":{"self":[{"href":"https:\/\/www.miguelfaccio.com.br\/blog\/index.php\/wp-json\/wp\/v2\/posts\/18968"}],"collection":[{"href":"https:\/\/www.miguelfaccio.com.br\/blog\/index.php\/wp-json\/wp\/v2\/posts"}],"about":[{"href":"https:\/\/www.miguelfaccio.com.br\/blog\/index.php\/wp-json\/wp\/v2\/types\/post"}],"author":[{"embeddable":true,"href":"https:\/\/www.miguelfaccio.com.br\/blog\/index.php\/wp-json\/wp\/v2\/users\/1"}],"replies":[{"embeddable":true,"href":"https:\/\/www.miguelfaccio.com.br\/blog\/index.php\/wp-json\/wp\/v2\/comments?post=18968"}],"version-history":[{"count":1,"href":"https:\/\/www.miguelfaccio.com.br\/blog\/index.php\/wp-json\/wp\/v2\/posts\/18968\/revisions"}],"predecessor-version":[{"id":18969,"href":"https:\/\/www.miguelfaccio.com.br\/blog\/index.php\/wp-json\/wp\/v2\/posts\/18968\/revisions\/18969"}],"wp:attachment":[{"href":"https:\/\/www.miguelfaccio.com.br\/blog\/index.php\/wp-json\/wp\/v2\/media?parent=18968"}],"wp:term":[{"taxonomy":"category","embeddable":true,"href":"https:\/\/www.miguelfaccio.com.br\/blog\/index.php\/wp-json\/wp\/v2\/categories?post=18968"},{"taxonomy":"post_tag","embeddable":true,"href":"https:\/\/www.miguelfaccio.com.br\/blog\/index.php\/wp-json\/wp\/v2\/tags?post=18968"}],"curies":[{"name":"wp","href":"https:\/\/api.w.org\/{rel}","templated":true}]}}