{"id":18966,"date":"2025-02-16T09:37:12","date_gmt":"2025-02-16T12:37:12","guid":{"rendered":"https:\/\/www.miguelfaccio.com.br\/blog\/?p=18966"},"modified":"2025-02-16T09:37:14","modified_gmt":"2025-02-16T12:37:14","slug":"plv4012-livro-27-diario-08-09-2022","status":"publish","type":"post","link":"https:\/\/www.miguelfaccio.com.br\/blog\/index.php\/plv4012-livro-27-diario-08-09-2022\/","title":{"rendered":"PLV4012 \u2013 Livro 27 \u2013 Di\u00e1rio, 08\/09\/2022"},"content":{"rendered":"\n<p class=\"has-text-align-right\"><strong>08\/09\/2022<\/strong><\/p>\n\n\n\n<p>Agora precisamos acelerar o passo, precisamos deixar as picuinhas que entretinha a nossa vida na terceira dimens\u00e3o, essa est\u00e1 sendo evacuada do planeta assim que aqueles esp\u00edritos que ainda dormitam com as coisas materiais, sejam encontrados pela morte, que para eles ser\u00e1 o fim da terceira dimens\u00e3o e ir\u00e3o acordar em outro planeta. A Terra j\u00e1 se despediu da terceira dimens\u00e3o e j\u00e1 vibra na quinta. Agora, n\u00e3o pode apresentar toda a sua pujan\u00e7a porque ainda n\u00e3o a\u00e7ambarca todos os seres que por ora se encontram aqui. Apenas est\u00e1 no in\u00edcio de uma nova vida, mas quando representar a totalidade de seus habitantes, ent\u00e3o, poder\u00e1 demonstrar sua pujan\u00e7a, e isso modificar\u00e1 a consci\u00eancia e os conhecimentos, dando mais pujan\u00e7a a cada individualidade. Iniciar\u00e1 a percep\u00e7\u00e3o das cria\u00e7\u00f5es do pensamento, que \u00e9 o motor de todo o desenvolvimento e com isso da evolu\u00e7\u00e3o de cada individualidade. S\u00e3o passos que precisam ser dados para alcan\u00e7ar o perfeito est\u00e1gio na quinta dimens\u00e3o, que com a compreens\u00e3o exata de sua realidade e o empenho dado, vai se acelerando e dando condi\u00e7\u00f5es do esp\u00edrito entender a si mesmo, entender o universo onde est\u00e1 inserido e a Divindade, da qual parte a energia\/ess\u00eancia de cada individualidade e de cada ser que congrega o universo.<\/p>\n","protected":false},"excerpt":{"rendered":"<p>08\/09\/2022 Agora precisamos acelerar o passo, precisamos deixar as picuinhas que entretinha a nossa vida na terceira dimens\u00e3o, essa est\u00e1 sendo evacuada do planeta assim que aqueles esp\u00edritos que ainda dormitam com as coisas materiais, sejam encontrados pela morte, que para eles ser\u00e1 o fim da terceira dimens\u00e3o e ir\u00e3o acordar em outro planeta. A [&hellip;]<\/p>\n","protected":false},"author":1,"featured_media":0,"comment_status":"open","ping_status":"open","sticky":false,"template":"","format":"standard","meta":{"_mi_skip_tracking":false},"categories":[33],"tags":[],"_links":{"self":[{"href":"https:\/\/www.miguelfaccio.com.br\/blog\/index.php\/wp-json\/wp\/v2\/posts\/18966"}],"collection":[{"href":"https:\/\/www.miguelfaccio.com.br\/blog\/index.php\/wp-json\/wp\/v2\/posts"}],"about":[{"href":"https:\/\/www.miguelfaccio.com.br\/blog\/index.php\/wp-json\/wp\/v2\/types\/post"}],"author":[{"embeddable":true,"href":"https:\/\/www.miguelfaccio.com.br\/blog\/index.php\/wp-json\/wp\/v2\/users\/1"}],"replies":[{"embeddable":true,"href":"https:\/\/www.miguelfaccio.com.br\/blog\/index.php\/wp-json\/wp\/v2\/comments?post=18966"}],"version-history":[{"count":1,"href":"https:\/\/www.miguelfaccio.com.br\/blog\/index.php\/wp-json\/wp\/v2\/posts\/18966\/revisions"}],"predecessor-version":[{"id":18967,"href":"https:\/\/www.miguelfaccio.com.br\/blog\/index.php\/wp-json\/wp\/v2\/posts\/18966\/revisions\/18967"}],"wp:attachment":[{"href":"https:\/\/www.miguelfaccio.com.br\/blog\/index.php\/wp-json\/wp\/v2\/media?parent=18966"}],"wp:term":[{"taxonomy":"category","embeddable":true,"href":"https:\/\/www.miguelfaccio.com.br\/blog\/index.php\/wp-json\/wp\/v2\/categories?post=18966"},{"taxonomy":"post_tag","embeddable":true,"href":"https:\/\/www.miguelfaccio.com.br\/blog\/index.php\/wp-json\/wp\/v2\/tags?post=18966"}],"curies":[{"name":"wp","href":"https:\/\/api.w.org\/{rel}","templated":true}]}}