{"id":16969,"date":"2023-11-20T08:01:36","date_gmt":"2023-11-20T11:01:36","guid":{"rendered":"https:\/\/www.miguelfaccio.com.br\/blog\/?p=16969"},"modified":"2023-11-20T08:01:38","modified_gmt":"2023-11-20T11:01:38","slug":"plv3567-livro-24-diario-14-06-2021","status":"publish","type":"post","link":"https:\/\/www.miguelfaccio.com.br\/blog\/index.php\/plv3567-livro-24-diario-14-06-2021\/","title":{"rendered":"PLV3567 &#8211; Livro 24 &#8211; Di\u00e1rio, 14\/06\/2021"},"content":{"rendered":"\n<p class=\"has-text-align-right\"><strong>14\/06\/2021<\/strong><\/p>\n\n\n\n<p>Se tiv\u00e9ssemos a m\u00ednima ideia de nossa realidade de exist\u00eancia, certamente n\u00e3o andar\u00edamos tanto na contram\u00e3o do desenvolvimento espiritual. Teremos um pouco mais de zelo com rela\u00e7\u00e3o a n\u00f3s mesmos, falo do esp\u00edrito, n\u00e3o do corpo f\u00edsico. O corpo f\u00edsico \u00e9 o ve\u00edculo do esp\u00edrito para interagir na mat\u00e9ria, mas se adonou do dom\u00ednio dos bens materiais e, com isso, considera-se dono de sua vida ou de sua morte, e n\u00e3o somente a sua, mas a dos outros corpos tamb\u00e9m. Inverteu totalmente os valores humanos, em sua vida, e, em consequ\u00eancia, n\u00e3o cabem um esp\u00edrito. No entanto, \u00e9 t\u00e3o limitado como o dia, tem seu in\u00edcio e tem seu fim, e nesse interst\u00edcio tudo lhe pertence. Pobre ser humano, seu orgulho o leva, e levou em todas as suas exist\u00eancias passadas, por estradas repletas de pedras e espinhos, pois foi a \u00fanica coisa que seu belo e atl\u00e9tico corpo conseguiu fazer, e a quem lhe d\u00e1 a vida e a exist\u00eancia, que \u00e9 ele mesmo, n\u00e3o o corpo que \u00e9 apenas um cavalo de batalha, teve que criar costas largas para poder carregar e exorcizar toda a insanidade de um corpo rebelde, que n\u00e3o \u00e9 capaz de ver e sentir nada al\u00e9m de seu umbigo. A ignor\u00e2ncia de nossa realidade, de uma dualidade m\u00faltipla, e de um ser que est\u00e1 escondido dentro do belo corpo, que \u00e9 a real individualidade de cada ser, nos faz resgatar necessidades inexistentes \u00e0 ess\u00eancia, apenas existentes na ignor\u00e2ncia de um corpo f\u00edsico e um consciente exterior malformado.<\/p>\n","protected":false},"excerpt":{"rendered":"<p>14\/06\/2021 Se tiv\u00e9ssemos a m\u00ednima ideia de nossa realidade de exist\u00eancia, certamente n\u00e3o andar\u00edamos tanto na contram\u00e3o do desenvolvimento espiritual. Teremos um pouco mais de zelo com rela\u00e7\u00e3o a n\u00f3s mesmos, falo do esp\u00edrito, n\u00e3o do corpo f\u00edsico. O corpo f\u00edsico \u00e9 o ve\u00edculo do esp\u00edrito para interagir na mat\u00e9ria, mas se adonou do dom\u00ednio [&hellip;]<\/p>\n","protected":false},"author":1,"featured_media":0,"comment_status":"open","ping_status":"open","sticky":false,"template":"","format":"standard","meta":{"_mi_skip_tracking":false},"categories":[30],"tags":[],"_links":{"self":[{"href":"https:\/\/www.miguelfaccio.com.br\/blog\/index.php\/wp-json\/wp\/v2\/posts\/16969"}],"collection":[{"href":"https:\/\/www.miguelfaccio.com.br\/blog\/index.php\/wp-json\/wp\/v2\/posts"}],"about":[{"href":"https:\/\/www.miguelfaccio.com.br\/blog\/index.php\/wp-json\/wp\/v2\/types\/post"}],"author":[{"embeddable":true,"href":"https:\/\/www.miguelfaccio.com.br\/blog\/index.php\/wp-json\/wp\/v2\/users\/1"}],"replies":[{"embeddable":true,"href":"https:\/\/www.miguelfaccio.com.br\/blog\/index.php\/wp-json\/wp\/v2\/comments?post=16969"}],"version-history":[{"count":1,"href":"https:\/\/www.miguelfaccio.com.br\/blog\/index.php\/wp-json\/wp\/v2\/posts\/16969\/revisions"}],"predecessor-version":[{"id":16970,"href":"https:\/\/www.miguelfaccio.com.br\/blog\/index.php\/wp-json\/wp\/v2\/posts\/16969\/revisions\/16970"}],"wp:attachment":[{"href":"https:\/\/www.miguelfaccio.com.br\/blog\/index.php\/wp-json\/wp\/v2\/media?parent=16969"}],"wp:term":[{"taxonomy":"category","embeddable":true,"href":"https:\/\/www.miguelfaccio.com.br\/blog\/index.php\/wp-json\/wp\/v2\/categories?post=16969"},{"taxonomy":"post_tag","embeddable":true,"href":"https:\/\/www.miguelfaccio.com.br\/blog\/index.php\/wp-json\/wp\/v2\/tags?post=16969"}],"curies":[{"name":"wp","href":"https:\/\/api.w.org\/{rel}","templated":true}]}}