{"id":16961,"date":"2023-11-18T08:37:25","date_gmt":"2023-11-18T11:37:25","guid":{"rendered":"https:\/\/www.miguelfaccio.com.br\/blog\/?p=16961"},"modified":"2023-11-18T08:37:28","modified_gmt":"2023-11-18T11:37:28","slug":"rcd3411-raios-ou-chamas","status":"publish","type":"post","link":"https:\/\/www.miguelfaccio.com.br\/blog\/index.php\/rcd3411-raios-ou-chamas\/","title":{"rendered":"RCD3411 Raios ou Chamas"},"content":{"rendered":"\n<p class=\"has-text-align-right\"><strong>ARCTURIANOS <br>Atrav\u00e9s de Natalie Glasson<\/strong><\/p>\n\n\n\n<p>NO QUE VOC\u00ca FOCA, VOC\u00ca SE TORNA<\/p>\n\n\n\n<p>16 de novembro de 2023<\/p>\n\n\n\n<p>Sauda\u00e7\u00f5es, amados seres de Luz, n\u00f3s somos os Arcturianos.<\/p>\n\n\n\n<p>Surgimos como uma consci\u00eancia coletiva com nosso amor, nossa paz, nossa compreens\u00e3o do Criador e, na verdade, de tudo o que somos. Estamos muito felizes e encantados por poder nos comunicar com voc\u00ea e poder servir. Hoje desejamos compartilhar com voc\u00eas uma declara\u00e7\u00e3o e tamb\u00e9m explic\u00e1-la melhor, para que possam se concentrar nela, contempl\u00e1-la e, esperan\u00e7osamente, integr\u00e1-la em sua pr\u00f3pria realidade.<\/p>\n\n\n\n<p>NO QUE VOC\u00ca FOCA, VOC\u00ca SE TORNA<\/p>\n\n\n\n<p>\u00c9 imensamente importante nas mudan\u00e7as de ascens\u00e3o que est\u00e3o ocorrendo agora na Terra e nos planos internos, que o seu foco esteja claro, mesmo que haja alguma confus\u00e3o ou caos em sua mente ou mesmo na realidade. Desejamos que voc\u00eas reservem algum tempo para criar um foco que lhes sirva neste momento e nos momentos atuais ou cont\u00ednuos de ascens\u00e3o.<\/p>\n\n\n\n<p>A fim de encoraj\u00e1-lo a perceber o que significa focar, desejamos que voc\u00ea olhe para a sua vibra\u00e7\u00e3o. Seu corpo \u2013 seu sistema energ\u00e9tico \u2013 est\u00e1 vibrando o tempo todo. Est\u00e1 em constante movimento e impulso. \u00c0 medida que vibra, emana e, pode-se dizer, emite uma carga de energia.<\/p>\n\n\n\n<p>Dentro dessa carga existe um foco, existe uma qualidade, existe um entendimento. Por exemplo, se voc\u00ea est\u00e1 se sentindo deprimido, irritado ou deprimido, seu ser, ou partes de seu ser, podem vibrar essas qualidades\/energias\/sentimentos para fora de seu ser e para seu campo \u00e1urico e ambiente, e isso \u00e9 perfeitamente normal se for um processo pelo qual voc\u00ea est\u00e1 passando.<\/p>\n\n\n\n<p>N\u00f3s, os Arcturianos, desejamos que voc\u00eas se concentrem em sua vibra\u00e7\u00e3o ou simplesmente entendam que est\u00e3o vibrando, e pe\u00e7am interiormente\u2026 dentro de sua alma ou no espa\u00e7o de seu cora\u00e7\u00e3o\u2026 pela qualidade ou foco mais apropriado que possa atend\u00ea-los agora.<\/p>\n\n\n\n<p>N\u00e3o precisa ser algo que voc\u00ea j\u00e1 esteja incorporando. Pode ser algo que voc\u00ea deseja incorporar. Voc\u00ea pode desejar mais paz em seu ser e em sua realidade. Voc\u00ea pode at\u00e9 desejar mais clareza. Voc\u00ea pode desejar amor. Pode ser um amor espiritual ou mesmo um amor f\u00edsico ou de relacionamento. Tudo o que voc\u00ea se sente atra\u00eddo, para irradiar e vibrar neste momento.<\/p>\n\n\n\n<p>N\u00f3s, os Arcturianos, convidamos voc\u00ea a fazer isso porque enquanto voc\u00ea vibra\u2026 e todo o seu ser vibrar\u00e1 automaticamente\u2026 ent\u00e3o voc\u00ea se torna essa vibra\u00e7\u00e3o, esse foco.<\/p>\n\n\n\n<p>Agora, outra maneira de conseguir isso \u00e9 em seu processo de ascens\u00e3o \u2013 em sua jornada espiritual. Voc\u00ea pode sentar-se em medita\u00e7\u00e3o e concentrar-se em sua jornada espiritual. Voc\u00ea pode se perguntar como voc\u00ea se sente em rela\u00e7\u00e3o \u00e0 sua jornada espiritual neste momento?<\/p>\n\n\n\n<p>Voc\u00ea pode se sentir contente, pode se sentir feliz e pode desfrutar, irradiar e pulsar com contentamento e felicidade. Isto ir\u00e1 aumentar esses sentimentos e encorajar uma maior profundidade de compreens\u00e3o, experi\u00eancia e vibra\u00e7\u00e3o.<\/p>\n\n\n\n<p>Se voc\u00ea achar que est\u00e1 confuso ou frustrado, pergunte-se o que \u00e9 necess\u00e1rio. Em que voc\u00ea deseja focar? O que voc\u00ea deseja vibrar em seu processo de ascens\u00e3o? O que voc\u00ea deseja se tornar em seu processo de ascens\u00e3o? Voc\u00ea pode imaginar, reconhecer, perguntar, manter a inten\u00e7\u00e3o ou visualizar at\u00e9 come\u00e7ar a sentir\/perceber ou reconhecer a si mesmo vibrando como seu foco.<\/p>\n\n\n\n<p>Voc\u00ea pode fazer a mesma medita\u00e7\u00e3o para sua vida em geral \u2013 sua realidade. Quando voc\u00ea senta e pensa sobre sua vida \u2013 sua realidade \u2013 ou mesmo sobre um aspecto dela, o que voc\u00ea sente? O que voc\u00ea est\u00e1 vivenciando? Se for positivo e gratificante, ent\u00e3o simplesmente exista nisso e permita que cres\u00e7a. Sinta-o pulsando e vibrando por todo o seu ser.<\/p>\n\n\n\n<p>Se h\u00e1 aspectos da sua vida, da sua realidade, com os quais voc\u00ea est\u00e1 lutando, ent\u00e3o em que voc\u00ea deseja se concentrar e se tornar? Voc\u00ea pode come\u00e7ar a se concentrar naquilo que deseja experimentar. Permita-a vibrar, pulsar, irradiar de todo o seu ser. Deixe isso irradiar at\u00e9 preencher sua realidade.<\/p>\n\n\n\n<p>N\u00f3s, os Arcturianos, desejamos encoraj\u00e1-los a reconhecer que onde voc\u00eas colocam o seu foco \u00e9 imensamente importante e que voc\u00eas se tornam o seu foco.<\/p>\n\n\n\n<p>Pedimos que voc\u00ea preencha a lacuna entre o seu foco e quem voc\u00ea \u00e9, porque eles s\u00e3o a mesma coisa. Seu foco cria quem voc\u00ea \u00e9. No mundo, na realidade, nos planos internos, neste momento, aquilo em que voc\u00eas escolhem focar \u00e9 imensamente poderoso e voc\u00eas se tornar\u00e3o aquilo em que focam.<\/p>\n\n\n\n<p>Agora \u00e9 hora de assumir a responsabilidade por onde voc\u00ea coloca seu foco e fazer as conex\u00f5es e incorporar. Voc\u00ea se torna seu foco. Se voc\u00ea incorporar e se tornar seu foco, o mundo ao seu redor tamb\u00e9m o far\u00e1. O mundo ao seu redor \u00e9 impactado pelo seu foco.<\/p>\n\n\n\n<p>Neste momento, seu foco possui imenso valor e imenso poder.<\/p>\n\n\n\n<p>Deixaremos isso com voc\u00ea para contemplar e explorar.<\/p>\n\n\n\n<p>N\u00f3s os amamos muito.<\/p>\n\n\n\n<p>N\u00f3s somos os Arcturianos<\/p>\n\n\n\n<p>Formata\u00e7\u00e3o e tradu\u00e7\u00e3o \u2013 DE CORA\u00c7\u00c3O A CORA\u00c7\u00c3O<\/p>\n\n\n\n<figure class=\"wp-block-embed\"><div class=\"wp-block-embed__wrapper\">\nhttp:\/\/www.decoracaoacoracao.blog.br\/\n<\/div><\/figure>\n\n\n\n<figure class=\"wp-block-embed\"><div class=\"wp-block-embed__wrapper\">\nhttp:\/\/stelalecocq.blogspot.com\n<\/div><\/figure>\n\n\n\n<figure class=\"wp-block-embed\"><div class=\"wp-block-embed__wrapper\">\nhttps:\/\/lecocq.wordpress.com\n<\/div><\/figure>\n\n\n\n<p>Instagram \u2013 @blogdecoracaoacoracao<\/p>\n\n\n\n<p>Informa\u00e7\u00f5es e Agendamentos para Mesa Qu\u00e2ntica Estelar, Mesa Pet, Mesa Qu\u00e2ntica 2.0, Sistema Regenerador Ashtariano, Sistema Arcturiano de Cura Multidimensional \u2013 lecocqmuller@gmail.com<\/p>\n\n\n\n<figure class=\"wp-block-embed is-type-wp-embed is-provider-omna-sanctuary wp-block-embed-omna-sanctuary\"><div class=\"wp-block-embed__wrapper\">\n<blockquote class=\"wp-embedded-content\" data-secret=\"S5kfajmGw6\"><a href=\"https:\/\/omna.org\/\">Home Page<\/a><\/blockquote><iframe class=\"wp-embedded-content\" sandbox=\"allow-scripts\" security=\"restricted\" style=\"position: absolute; clip: rect(1px, 1px, 1px, 1px);\" title=\"&#8220;Home Page&#8221; &#8212; OmNa Sanctuary\" src=\"https:\/\/omna.org\/embed\/#?secret=Xtc5CSxbwR#?secret=S5kfajmGw6\" data-secret=\"S5kfajmGw6\" width=\"600\" height=\"338\" frameborder=\"0\" marginwidth=\"0\" marginheight=\"0\" scrolling=\"no\"><\/iframe>\n<\/div><\/figure>\n\n\n\n<p>Respeite todos os cr\u00e9ditos ao compartilhar<\/p>\n\n\n\n<p>LUZ!<\/p>\n\n\n\n<p>STELA<\/p>\n","protected":false},"excerpt":{"rendered":"<p>ARCTURIANOS Atrav\u00e9s de Natalie Glasson NO QUE VOC\u00ca FOCA, VOC\u00ca SE TORNA 16 de novembro de 2023 Sauda\u00e7\u00f5es, amados seres de Luz, n\u00f3s somos os Arcturianos. Surgimos como uma consci\u00eancia coletiva com nosso amor, nossa paz, nossa compreens\u00e3o do Criador e, na verdade, de tudo o que somos. Estamos muito felizes e encantados por poder [&hellip;]<\/p>\n","protected":false},"author":1,"featured_media":0,"comment_status":"open","ping_status":"open","sticky":false,"template":"","format":"standard","meta":{"_mi_skip_tracking":false},"categories":[3],"tags":[],"_links":{"self":[{"href":"https:\/\/www.miguelfaccio.com.br\/blog\/index.php\/wp-json\/wp\/v2\/posts\/16961"}],"collection":[{"href":"https:\/\/www.miguelfaccio.com.br\/blog\/index.php\/wp-json\/wp\/v2\/posts"}],"about":[{"href":"https:\/\/www.miguelfaccio.com.br\/blog\/index.php\/wp-json\/wp\/v2\/types\/post"}],"author":[{"embeddable":true,"href":"https:\/\/www.miguelfaccio.com.br\/blog\/index.php\/wp-json\/wp\/v2\/users\/1"}],"replies":[{"embeddable":true,"href":"https:\/\/www.miguelfaccio.com.br\/blog\/index.php\/wp-json\/wp\/v2\/comments?post=16961"}],"version-history":[{"count":1,"href":"https:\/\/www.miguelfaccio.com.br\/blog\/index.php\/wp-json\/wp\/v2\/posts\/16961\/revisions"}],"predecessor-version":[{"id":16962,"href":"https:\/\/www.miguelfaccio.com.br\/blog\/index.php\/wp-json\/wp\/v2\/posts\/16961\/revisions\/16962"}],"wp:attachment":[{"href":"https:\/\/www.miguelfaccio.com.br\/blog\/index.php\/wp-json\/wp\/v2\/media?parent=16961"}],"wp:term":[{"taxonomy":"category","embeddable":true,"href":"https:\/\/www.miguelfaccio.com.br\/blog\/index.php\/wp-json\/wp\/v2\/categories?post=16961"},{"taxonomy":"post_tag","embeddable":true,"href":"https:\/\/www.miguelfaccio.com.br\/blog\/index.php\/wp-json\/wp\/v2\/tags?post=16961"}],"curies":[{"name":"wp","href":"https:\/\/api.w.org\/{rel}","templated":true}]}}