{"id":16951,"date":"2023-11-16T08:06:47","date_gmt":"2023-11-16T11:06:47","guid":{"rendered":"https:\/\/www.miguelfaccio.com.br\/blog\/?p=16951"},"modified":"2023-11-16T08:06:50","modified_gmt":"2023-11-16T11:06:50","slug":"plv3563-livro-24-diario-10-06-2021","status":"publish","type":"post","link":"https:\/\/www.miguelfaccio.com.br\/blog\/index.php\/plv3563-livro-24-diario-10-06-2021\/","title":{"rendered":"PLV3563 &#8211; Livro 24 &#8211; Di\u00e1rio, 10\/06\/2021"},"content":{"rendered":"\n<p class=\"has-text-align-right\"><strong>10\/06\/2021<\/strong><\/p>\n\n\n\n<p>Quando fomos individualizados de uma part\u00edcula do Deus Uno Pai\/M\u00e3e, iniciamos, tamb\u00e9m, nossa caminhada evolutiva. Partindo de uma individualidade consciente, fomos na busca de nossa evolu\u00e7\u00e3o, pois o DNA sempre empurra a individualidade para a conquista desse objetivo. A caminhada foi lenta, comparativamente a uma crian\u00e7a quando nasce. Nos primeiros anos de sua vida, precisa do atendimento constante da m\u00e3e. Aos poucos, vai se desgarrando, pois come\u00e7a a agir por conta pr\u00f3pria, escolhendo suas a\u00e7\u00f5es. Como seres tamb\u00e9m entrados na individualidade, propriamente, precisam do atendimento constante. Cresce, se desenvolve e consegue ingressar na terceira dimens\u00e3o, a dimens\u00e3o da cria\u00e7\u00e3o e do resgate. A partir deste momento, est\u00e1 presente o poder criador atrav\u00e9s do pensamento. A tudo o que cria, h\u00e1 sua consequ\u00eancia. Tem a liberdade de criar o que quiser, mas tem, tamb\u00e9m, a responsabilidade pelo que criou. Aqui est\u00e1 sua vit\u00f3ria ou a causa de seus resgates. Sua vida, sua evolu\u00e7\u00e3o, come\u00e7a a tomar o rumo daquilo que engendrarem seus pensamentos. Quando, conscientemente, pensar e agir em vista de sua evolu\u00e7\u00e3o, essa se acelera e antecipa seu per\u00edodo de provas e expia\u00e7\u00f5es para, ent\u00e3o, entrar no per\u00edodo de regenera\u00e7\u00e3o, onde consegue controlar seus pensamentos, porque percebe, v\u00ea e sente suas cria\u00e7\u00f5es tomando forma, e assim, conscientemente dirige sua evolu\u00e7\u00e3o por caminhos mais curtos para a mestria.<\/p>\n","protected":false},"excerpt":{"rendered":"<p>10\/06\/2021 Quando fomos individualizados de uma part\u00edcula do Deus Uno Pai\/M\u00e3e, iniciamos, tamb\u00e9m, nossa caminhada evolutiva. Partindo de uma individualidade consciente, fomos na busca de nossa evolu\u00e7\u00e3o, pois o DNA sempre empurra a individualidade para a conquista desse objetivo. A caminhada foi lenta, comparativamente a uma crian\u00e7a quando nasce. Nos primeiros anos de sua vida, [&hellip;]<\/p>\n","protected":false},"author":1,"featured_media":0,"comment_status":"open","ping_status":"open","sticky":false,"template":"","format":"standard","meta":{"_mi_skip_tracking":false},"categories":[30],"tags":[],"_links":{"self":[{"href":"https:\/\/www.miguelfaccio.com.br\/blog\/index.php\/wp-json\/wp\/v2\/posts\/16951"}],"collection":[{"href":"https:\/\/www.miguelfaccio.com.br\/blog\/index.php\/wp-json\/wp\/v2\/posts"}],"about":[{"href":"https:\/\/www.miguelfaccio.com.br\/blog\/index.php\/wp-json\/wp\/v2\/types\/post"}],"author":[{"embeddable":true,"href":"https:\/\/www.miguelfaccio.com.br\/blog\/index.php\/wp-json\/wp\/v2\/users\/1"}],"replies":[{"embeddable":true,"href":"https:\/\/www.miguelfaccio.com.br\/blog\/index.php\/wp-json\/wp\/v2\/comments?post=16951"}],"version-history":[{"count":1,"href":"https:\/\/www.miguelfaccio.com.br\/blog\/index.php\/wp-json\/wp\/v2\/posts\/16951\/revisions"}],"predecessor-version":[{"id":16952,"href":"https:\/\/www.miguelfaccio.com.br\/blog\/index.php\/wp-json\/wp\/v2\/posts\/16951\/revisions\/16952"}],"wp:attachment":[{"href":"https:\/\/www.miguelfaccio.com.br\/blog\/index.php\/wp-json\/wp\/v2\/media?parent=16951"}],"wp:term":[{"taxonomy":"category","embeddable":true,"href":"https:\/\/www.miguelfaccio.com.br\/blog\/index.php\/wp-json\/wp\/v2\/categories?post=16951"},{"taxonomy":"post_tag","embeddable":true,"href":"https:\/\/www.miguelfaccio.com.br\/blog\/index.php\/wp-json\/wp\/v2\/tags?post=16951"}],"curies":[{"name":"wp","href":"https:\/\/api.w.org\/{rel}","templated":true}]}}