{"id":16936,"date":"2023-11-12T08:07:26","date_gmt":"2023-11-12T11:07:26","guid":{"rendered":"https:\/\/www.miguelfaccio.com.br\/blog\/?p=16936"},"modified":"2023-11-12T08:07:30","modified_gmt":"2023-11-12T11:07:30","slug":"rcd3405-raios-ou-chamas","status":"publish","type":"post","link":"https:\/\/www.miguelfaccio.com.br\/blog\/index.php\/rcd3405-raios-ou-chamas\/","title":{"rendered":"RCD3405 Raios ou Chamas"},"content":{"rendered":"\n<p class=\"has-text-align-right\"><strong>O COLETIVO <br>Atrav\u00e9s de Caroline Oceana Ryan<\/strong><\/p>\n\n\n\n<p>UMA MENSAGEM AOS PORTADORES DA LUZ<\/p>\n\n\n\n<p>03 de novembro de 2023<\/p>\n\n\n\n<p>A orienta\u00e7\u00e3o desta semana dos Mestres Ascensionados, Arcanjos, Legi\u00f5es Ang\u00e9licas, Fam\u00edlias Estelares, elementos da Terra, anci\u00f5es Fae e outros belos seres superiores:<\/p>\n\n\n\n<p>COR: Ol\u00e1 a todos. Esta semana estou convidando primeiro os anci\u00f5es Fae e depois nossas fam\u00edlias das Na\u00e7\u00f5es Estelares para falar conosco sobre o que est\u00e1 acontecendo no mundo. Especificamente, o conflito armado que vemos em diferentes partes do mundo. Isso \u00e9 compreensivelmente preocupante para muitas pessoas.<\/p>\n\n\n\n<p>Ent\u00e3o, eu gostaria tanto dos s\u00e1bios insights desses lindos seres, quanto tamb\u00e9m de solicitar que eles nos presenteiem com energias mais elevadas, para que possamos processar esta e outras quest\u00f5es relacionadas e, tamb\u00e9m, ajudar energeticamente aqueles que est\u00e3o sofrendo agora.<\/p>\n\n\n\n<p>Tenho momentos em que realmente me pergunto se enviar as energias da Paz, da cura e do Amor superior \u00e9 \u00fatil para eles agora. Quase parece uma nega\u00e7\u00e3o do que eles est\u00e3o passando.<\/p>\n\n\n\n<p>Ent\u00e3o sejam bem-vindos, amigos!<\/p>\n\n\n\n<p>E vou deix\u00e1-los falar atrav\u00e9s de mim agora\u2026<\/p>\n\n\n\n<p>Sem V\u00edtimas &#x1f497;<\/p>\n\n\n\n<p>Na\u00e7\u00f5es Estelares e Anci\u00e3os Fae<\/p>\n\n\n\n<p>Uma Mensagem Encorajadora aos Trabalhadores da Luz<\/p>\n\n\n\n<p>ANCI\u00c3OS FAE: Bem-vindos, queridos! Temos o prazer de ter este lindo momento com voc\u00eas hoje.<\/p>\n\n\n\n<p>E nossa resposta seria: Sim! Envie a estes queridos as energias da Paz, embora isso possa parecer estranho para voc\u00ea neste momento.<\/p>\n\n\n\n<p>Muito disto se deve \u00e0s imagens transmitidas pela Internet e pela televis\u00e3o, uma vez que os meios de comunica\u00e7\u00e3o trazem tanto para as vossas vidas num sentido muito imediato. Eles espalham as energias da destrui\u00e7\u00e3o por todo o mundo, embora a destrui\u00e7\u00e3o n\u00e3o esteja acontecendo em todo o mundo.<\/p>\n\n\n\n<p>E ent\u00e3o voc\u00ea sente como se essas situa\u00e7\u00f5es horr\u00edveis estivessem ocorrendo em seu pr\u00f3prio quintal, em sua pr\u00f3pria vizinhan\u00e7a. A verdadeira paz do seu pr\u00f3prio ambiente pode quase parecer uma anomalia, pois a sua experi\u00eancia emp\u00e1tica e a dos outros sobre o que \u00e9 sofrido numa zona de guerra est\u00e1 t\u00e3o profundamente enraizada nas suas energias, que outras realidades parecem quase ser uma nega\u00e7\u00e3o do sofrimento dos outros. E, no entanto, eles n\u00e3o s\u00e3o.<\/p>\n\n\n\n<p>Ao viverem numa atmosfera de relativa Paz e calma, voc\u00eas s\u00e3o capazes de estender as energias do Amor e do apoio a todos aqueles que sofrem agora.<\/p>\n\n\n\n<p>Embora os seus eus terrestres estejam presos em um momento sombrio, voc\u00eas s\u00e3o capazes de invocar os seus eus superiores para lhes oferecer sustento interior, mesmo quando eles lamentam a perda de filhos, lares, comunidades, fam\u00edlias.<\/p>\n\n\n\n<p>Nem tudo \u00e9 o que parece, pois devido \u00e0 natureza Ascendente do planeta agora, o conflito do M\u00e9dio Oriente (ou da Europa Oriental, e noutros lugares) n\u00e3o est\u00e1 a acontecer da mesma forma que os conflitos do passado.<\/p>\n\n\n\n<p>continua<\/p>\n","protected":false},"excerpt":{"rendered":"<p>O COLETIVO Atrav\u00e9s de Caroline Oceana Ryan UMA MENSAGEM AOS PORTADORES DA LUZ 03 de novembro de 2023 A orienta\u00e7\u00e3o desta semana dos Mestres Ascensionados, Arcanjos, Legi\u00f5es Ang\u00e9licas, Fam\u00edlias Estelares, elementos da Terra, anci\u00f5es Fae e outros belos seres superiores: COR: Ol\u00e1 a todos. Esta semana estou convidando primeiro os anci\u00f5es Fae e depois nossas [&hellip;]<\/p>\n","protected":false},"author":1,"featured_media":0,"comment_status":"open","ping_status":"open","sticky":false,"template":"","format":"standard","meta":{"_mi_skip_tracking":false},"categories":[3],"tags":[],"_links":{"self":[{"href":"https:\/\/www.miguelfaccio.com.br\/blog\/index.php\/wp-json\/wp\/v2\/posts\/16936"}],"collection":[{"href":"https:\/\/www.miguelfaccio.com.br\/blog\/index.php\/wp-json\/wp\/v2\/posts"}],"about":[{"href":"https:\/\/www.miguelfaccio.com.br\/blog\/index.php\/wp-json\/wp\/v2\/types\/post"}],"author":[{"embeddable":true,"href":"https:\/\/www.miguelfaccio.com.br\/blog\/index.php\/wp-json\/wp\/v2\/users\/1"}],"replies":[{"embeddable":true,"href":"https:\/\/www.miguelfaccio.com.br\/blog\/index.php\/wp-json\/wp\/v2\/comments?post=16936"}],"version-history":[{"count":1,"href":"https:\/\/www.miguelfaccio.com.br\/blog\/index.php\/wp-json\/wp\/v2\/posts\/16936\/revisions"}],"predecessor-version":[{"id":16937,"href":"https:\/\/www.miguelfaccio.com.br\/blog\/index.php\/wp-json\/wp\/v2\/posts\/16936\/revisions\/16937"}],"wp:attachment":[{"href":"https:\/\/www.miguelfaccio.com.br\/blog\/index.php\/wp-json\/wp\/v2\/media?parent=16936"}],"wp:term":[{"taxonomy":"category","embeddable":true,"href":"https:\/\/www.miguelfaccio.com.br\/blog\/index.php\/wp-json\/wp\/v2\/categories?post=16936"},{"taxonomy":"post_tag","embeddable":true,"href":"https:\/\/www.miguelfaccio.com.br\/blog\/index.php\/wp-json\/wp\/v2\/tags?post=16936"}],"curies":[{"name":"wp","href":"https:\/\/api.w.org\/{rel}","templated":true}]}}