{"id":16929,"date":"2023-11-11T08:26:56","date_gmt":"2023-11-11T11:26:56","guid":{"rendered":"https:\/\/www.miguelfaccio.com.br\/blog\/?p=16929"},"modified":"2023-11-11T08:26:59","modified_gmt":"2023-11-11T11:26:59","slug":"plv3558-livro-24-diario-05-06-2021","status":"publish","type":"post","link":"https:\/\/www.miguelfaccio.com.br\/blog\/index.php\/plv3558-livro-24-diario-05-06-2021\/","title":{"rendered":"PLV3558 &#8211; Livro 24 &#8211; Di\u00e1rio, 05\/06\/2021"},"content":{"rendered":"\n<p class=\"has-text-align-right\"><strong>05\/06\/2021<\/strong><\/p>\n\n\n\n<p>A vida \u00e9 uma s\u00f3. \u00c9 a energia do Deus Uno Pai\/M\u00e3e. Essa energia em cada ser existente no universo se apresenta em uma frequ\u00eancia e intensidade pr\u00f3prias. Essa energia possui a capacidade de evoluir, isto \u00e9, alterar seus par\u00e2metros para vibrar em outro n\u00edvel de evolu\u00e7\u00e3o. Isso possibilita, dentro do querer e da escolha do pr\u00f3prio ser, elevar-se a n\u00edveis evolutivos mais elevados, que \u00e9 o objetivo de todos os seres. Ningu\u00e9m fica estacionado \u201cad in eternum\u201d em um n\u00edvel evolutivo espec\u00edfico, mesmo aqueles que a ci\u00eancia dos homens considera inanimados. H\u00e1 um conhecimento que precisa ser intelectualizado por todos os humanos. Tudo o que existe saiu de uma part\u00edcula do Deus Uno Pai\/M\u00e3e. Sejam Deidades, sejam Mestres ascencionados, seja qualquer ser humano, seja um astro ou um \u00e1tomo, tudo surgiu do Deus Uno. Se conseguirmos intelectualizar isso, chegaremos ao entendimento das palavras de Jesus: \u201c<em>V\u00f3s sois Deuses<\/em>\u201d. Esse entendimento nos d\u00e1 a compreens\u00e3o do \u201cSomos Todos Um\u201d, que \u00e9 a grande realidade que ainda est\u00e1 incompreendida pelos terr\u00e1queos. Cada ser existente no universo est\u00e1 experienciando o conhecimento, Deus est\u00e1 experienciando o seu conhecimento atrav\u00e9s de cada ser do universo. Pode-se, assim, afirmar que o universo \u00e9 Deus em a\u00e7\u00e3o. Deus experienciando-se atrav\u00e9s de cada individualidade. Assim, a vida \u00e9 Deus em a\u00e7\u00e3o.<\/p>\n","protected":false},"excerpt":{"rendered":"<p>05\/06\/2021 A vida \u00e9 uma s\u00f3. \u00c9 a energia do Deus Uno Pai\/M\u00e3e. Essa energia em cada ser existente no universo se apresenta em uma frequ\u00eancia e intensidade pr\u00f3prias. Essa energia possui a capacidade de evoluir, isto \u00e9, alterar seus par\u00e2metros para vibrar em outro n\u00edvel de evolu\u00e7\u00e3o. Isso possibilita, dentro do querer e da [&hellip;]<\/p>\n","protected":false},"author":1,"featured_media":0,"comment_status":"open","ping_status":"open","sticky":false,"template":"","format":"standard","meta":{"_mi_skip_tracking":false},"categories":[30],"tags":[],"_links":{"self":[{"href":"https:\/\/www.miguelfaccio.com.br\/blog\/index.php\/wp-json\/wp\/v2\/posts\/16929"}],"collection":[{"href":"https:\/\/www.miguelfaccio.com.br\/blog\/index.php\/wp-json\/wp\/v2\/posts"}],"about":[{"href":"https:\/\/www.miguelfaccio.com.br\/blog\/index.php\/wp-json\/wp\/v2\/types\/post"}],"author":[{"embeddable":true,"href":"https:\/\/www.miguelfaccio.com.br\/blog\/index.php\/wp-json\/wp\/v2\/users\/1"}],"replies":[{"embeddable":true,"href":"https:\/\/www.miguelfaccio.com.br\/blog\/index.php\/wp-json\/wp\/v2\/comments?post=16929"}],"version-history":[{"count":1,"href":"https:\/\/www.miguelfaccio.com.br\/blog\/index.php\/wp-json\/wp\/v2\/posts\/16929\/revisions"}],"predecessor-version":[{"id":16930,"href":"https:\/\/www.miguelfaccio.com.br\/blog\/index.php\/wp-json\/wp\/v2\/posts\/16929\/revisions\/16930"}],"wp:attachment":[{"href":"https:\/\/www.miguelfaccio.com.br\/blog\/index.php\/wp-json\/wp\/v2\/media?parent=16929"}],"wp:term":[{"taxonomy":"category","embeddable":true,"href":"https:\/\/www.miguelfaccio.com.br\/blog\/index.php\/wp-json\/wp\/v2\/categories?post=16929"},{"taxonomy":"post_tag","embeddable":true,"href":"https:\/\/www.miguelfaccio.com.br\/blog\/index.php\/wp-json\/wp\/v2\/tags?post=16929"}],"curies":[{"name":"wp","href":"https:\/\/api.w.org\/{rel}","templated":true}]}}