{"id":16922,"date":"2023-11-10T08:15:29","date_gmt":"2023-11-10T11:15:29","guid":{"rendered":"https:\/\/www.miguelfaccio.com.br\/blog\/?p=16922"},"modified":"2023-11-10T08:15:32","modified_gmt":"2023-11-10T11:15:32","slug":"plv3557-livro-24-diario-04-06-2021","status":"publish","type":"post","link":"https:\/\/www.miguelfaccio.com.br\/blog\/index.php\/plv3557-livro-24-diario-04-06-2021\/","title":{"rendered":"PLV3557 &#8211; Livro 24 &#8211; Di\u00e1rio, 04\/06\/2021"},"content":{"rendered":"\n<p class=\"has-text-align-right\"><strong>04\/06\/2021<\/strong><\/p>\n\n\n\n<p>Aquilo que muitas vezes consideramos de pouca import\u00e2ncia, pela an\u00e1lise da mat\u00e9ria, pode ser important\u00edssimo ao n\u00edvel do esp\u00edrito. Quando desligamos a mat\u00e9ria de seu conjunto no universo, ela n\u00e3o representa aquilo que \u00e9 e sem aquilo que imaginamos ser e, geralmente, isso \u00e9 muito aqu\u00e9m da realidade. Se olharmos somente mat\u00e9ria por mat\u00e9ria, ela se torna algo sem muita import\u00e2ncia, a menos aquilo que lhe renda lucros. A mat\u00e9ria \u00e9 muito mais que isso. A mat\u00e9ria \u00e9 a bengala do esp\u00edrito que o ajuda a experienciar os conhecimentos. Ao seu contato com a mat\u00e9ria, consegue entender e vivenciar os degraus da escada evolutiva, que precisa ser galgada um degrau de cada vez. \u00c9 na mat\u00e9ria que o esp\u00edrito se purifica, sofrendo as consequ\u00eancias de seus atos, como, tamb\u00e9m, recebendo a coroa de louros em suas vit\u00f3rias, especialmente contra a ignor\u00e2ncia, a incompreens\u00e3o e o desleixo com que enfrenta os conhecimentos divinos. A mat\u00e9ria n\u00e3o \u00e9 somente o que conhecemos, ela se apresenta de formas diferentes para cada dimens\u00e3o diferente. Quanto mais pr\u00f3ximos da terceira dimens\u00e3o ela \u00e9, mais opaca, e, quanto mais se afasta evolutivamente na terceira, vai se apresentando mais quintessenciada, ao ponto em que a mat\u00e9ria e o esp\u00edrito serem quase a mesma coisa. A evolu\u00e7\u00e3o purifica a mat\u00e9ria.<\/p>\n","protected":false},"excerpt":{"rendered":"<p>04\/06\/2021 Aquilo que muitas vezes consideramos de pouca import\u00e2ncia, pela an\u00e1lise da mat\u00e9ria, pode ser important\u00edssimo ao n\u00edvel do esp\u00edrito. Quando desligamos a mat\u00e9ria de seu conjunto no universo, ela n\u00e3o representa aquilo que \u00e9 e sem aquilo que imaginamos ser e, geralmente, isso \u00e9 muito aqu\u00e9m da realidade. Se olharmos somente mat\u00e9ria por mat\u00e9ria, [&hellip;]<\/p>\n","protected":false},"author":1,"featured_media":0,"comment_status":"open","ping_status":"open","sticky":false,"template":"","format":"standard","meta":{"_mi_skip_tracking":false},"categories":[30],"tags":[],"_links":{"self":[{"href":"https:\/\/www.miguelfaccio.com.br\/blog\/index.php\/wp-json\/wp\/v2\/posts\/16922"}],"collection":[{"href":"https:\/\/www.miguelfaccio.com.br\/blog\/index.php\/wp-json\/wp\/v2\/posts"}],"about":[{"href":"https:\/\/www.miguelfaccio.com.br\/blog\/index.php\/wp-json\/wp\/v2\/types\/post"}],"author":[{"embeddable":true,"href":"https:\/\/www.miguelfaccio.com.br\/blog\/index.php\/wp-json\/wp\/v2\/users\/1"}],"replies":[{"embeddable":true,"href":"https:\/\/www.miguelfaccio.com.br\/blog\/index.php\/wp-json\/wp\/v2\/comments?post=16922"}],"version-history":[{"count":1,"href":"https:\/\/www.miguelfaccio.com.br\/blog\/index.php\/wp-json\/wp\/v2\/posts\/16922\/revisions"}],"predecessor-version":[{"id":16923,"href":"https:\/\/www.miguelfaccio.com.br\/blog\/index.php\/wp-json\/wp\/v2\/posts\/16922\/revisions\/16923"}],"wp:attachment":[{"href":"https:\/\/www.miguelfaccio.com.br\/blog\/index.php\/wp-json\/wp\/v2\/media?parent=16922"}],"wp:term":[{"taxonomy":"category","embeddable":true,"href":"https:\/\/www.miguelfaccio.com.br\/blog\/index.php\/wp-json\/wp\/v2\/categories?post=16922"},{"taxonomy":"post_tag","embeddable":true,"href":"https:\/\/www.miguelfaccio.com.br\/blog\/index.php\/wp-json\/wp\/v2\/tags?post=16922"}],"curies":[{"name":"wp","href":"https:\/\/api.w.org\/{rel}","templated":true}]}}