{"id":16920,"date":"2023-11-09T08:02:20","date_gmt":"2023-11-09T11:02:20","guid":{"rendered":"https:\/\/www.miguelfaccio.com.br\/blog\/?p=16920"},"modified":"2023-11-09T08:02:23","modified_gmt":"2023-11-09T11:02:23","slug":"rcd3402-raios-ou-chamas","status":"publish","type":"post","link":"https:\/\/www.miguelfaccio.com.br\/blog\/index.php\/rcd3402-raios-ou-chamas\/","title":{"rendered":"RCD3402 Raios ou Chamas"},"content":{"rendered":"\n<p class=\"has-text-align-right\"><strong>A\u2019HO <br>Por Aurora Ray<\/strong><\/p>\n\n\n\n<p>ATUALIZA\u00c7\u00c3O DO DNA PLEIADIANO<\/p>\n\n\n\n<p>continua\u00e7\u00e3o<\/p>\n\n\n\n<p>Alinhando com Centros de Energia:<\/p>\n\n\n\n<p>Os doze filamentos de DNA sendo ativados alinham-se com os principais centros de energia, ou chakras, dentro e ao redor de nossos corpos f\u00edsicos. Chakras s\u00e3o os centros atrav\u00e9s dos quais a energia flui para dentro e para fora do nosso ser. Existem sete chakras principais que correspondem ao corpo, bem como cinco chakras acima da cabe\u00e7a e dois abaixo dos p\u00e9s.<\/p>\n\n\n\n<p>Quando nosso DNA \u00e9 atualizado, cada um dos doze fios helicoidais se conecta e coloca on-line um dos chakras principais. Isso fornece um alinhamento poderoso entre nossa fisicalidade e sistemas energ\u00e9ticos. Com este alinhamento, ganhamos a capacidade de canalizar energias universais para curar a n\u00f3s mesmos e aos outros!<\/p>\n\n\n\n<p>Os primeiros sete filamentos de DNA ancoram-se nos sete chakras ao longo da coluna vertebral \u2013 os chakras raiz, sacro, plexo solar, cora\u00e7\u00e3o, garganta, terceiro olho e coroa. Os pr\u00f3ximos cinco fios se estendem acima da cabe\u00e7a, conectando-se aos chakras estrela da alma, causal, portal estelar, gal\u00e1ctico e universal.<\/p>\n\n\n\n<p>Ter todos os chakras principais alinhados e ativados nos permite tornar-nos poderosos condutores de luz c\u00f3smica. Ganhamos acesso a novas habilidades baseadas no dom\u00ednio espiritual sobre as energias que criam e sustentam as realidades. \u00c0 medida que nossos chakras giram mais r\u00e1pido, nossa evolu\u00e7\u00e3o acelera exponencialmente. Entramos aqui em todo o nosso potencial como cocriadores divinos para espalhar o amor incondicional.<\/p>\n\n\n\n<p>Conclus\u00e3o:<\/p>\n\n\n\n<p>Como vimos, a chegada dos Pleiadianos \u00e0 Terra marca uma mudan\u00e7a monumental na evolu\u00e7\u00e3o da humanidade. A sua miss\u00e3o benevolente concentra-se exclusivamente em impulsionar o nosso desenvolvimento espiritual e atualizar o nosso ADN para atingir o seu pleno potencial!<\/p>\n\n\n\n<p>A ativa\u00e7\u00e3o de 12 cadeias de DNA nos permitir\u00e1 compreender-nos ao n\u00edvel da alma e alinhar-nos com os nossos centros energ\u00e9ticos. Este salto qu\u00e2ntico ir\u00e1 acelerar a nossa evolu\u00e7\u00e3o e permitir-nos alcan\u00e7ar estados de consci\u00eancia superior.<\/p>\n\n\n\n<p>Os Pleiadianos tamb\u00e9m pretendem inaugurar uma era definida pela paz, amor e harmonia, atrav\u00e9s da introdu\u00e7\u00e3o de tecnologias avan\u00e7adas e sabedoria espiritual. As suas inten\u00e7\u00f5es s\u00e3o puras \u2013 eles desejam ver a humanidade transcender as nossas limita\u00e7\u00f5es atuais e abra\u00e7ar a nossa natureza divina.<\/p>\n\n\n\n<p>Este momento de transforma\u00e7\u00e3o sem precedentes j\u00e1 est\u00e1 em andamento. Se abrirmos nossos cora\u00e7\u00f5es e mentes para receber os presentes e a orienta\u00e7\u00e3o que os Pleiadianos oferecem, experimentaremos um renascimento coletivo em reinos mais elevados de consci\u00eancia.<\/p>\n\n\n\n<p>A escolha \u00e9 nossa.<\/p>\n\n\n\n<p>Aceitaremos o seu apoio amoroso e escolheremos a unidade?<\/p>\n\n\n\n<p>Ou permitiremos que o medo nos afaste do nosso destino?<\/p>\n\n\n\n<p>A hora da evolu\u00e7\u00e3o qu\u00e2ntica \u00e9 agora!<\/p>\n\n\n\n<p>N\u00f3s os amamos muito.<\/p>\n\n\n\n<p>Estamos aqui com voc\u00eas.<\/p>\n\n\n\n<p>Somos sua fam\u00edlia de Luz.<\/p>\n\n\n\n<p>N\u00f3s somos a Federa\u00e7\u00e3o Gal\u00e1ctica.<\/p>\n\n\n\n<p>A\u2019HO<\/p>\n\n\n\n<p>Aurora Ray<\/p>\n\n\n\n<p>Embaixadora da Federa\u00e7\u00e3o Gal\u00e1ctica<\/p>\n\n\n\n<p>Formata\u00e7\u00e3o e tradu\u00e7\u00e3o \u2013 DE CORA\u00c7\u00c3O A CORA\u00c7\u00c3O<\/p>\n\n\n\n<figure class=\"wp-block-embed\"><div class=\"wp-block-embed__wrapper\">\nhttp:\/\/www.decoracaoacoracao.blog.br\/\n<\/div><\/figure>\n\n\n\n<figure class=\"wp-block-embed\"><div class=\"wp-block-embed__wrapper\">\nhttp:\/\/stelalecocq.blogspot.com\n<\/div><\/figure>\n\n\n\n<figure class=\"wp-block-embed\"><div class=\"wp-block-embed__wrapper\">\nhttps:\/\/lecocq.wordpress.com\n<\/div><\/figure>\n\n\n\n<p>Instagram \u2013 @blogdecoracaoacoracao<\/p>\n\n\n\n<p>Informa\u00e7\u00f5es e Agendamentos para Mesa Qu\u00e2ntica Estelar, Mesa Pet, Mesa Qu\u00e2ntica 2.0, Sistema Regenerador Ashtariano, Apometria C\u00f3smica e Din\u00e2mica \u2013 lecocqmuller@gmail.com<\/p>\n\n\n\n<p>Direitos autorais 2023 Aurora Ray https:\/\/thegalacticfederation.com\/<\/p>\n\n\n\n<p>Respeite todos os cr\u00e9ditos ao compartilhar<\/p>\n\n\n\n<p>LUZ!<\/p>\n\n\n\n<p>STELA<\/p>\n","protected":false},"excerpt":{"rendered":"<p>A\u2019HO Por Aurora Ray ATUALIZA\u00c7\u00c3O DO DNA PLEIADIANO continua\u00e7\u00e3o Alinhando com Centros de Energia: Os doze filamentos de DNA sendo ativados alinham-se com os principais centros de energia, ou chakras, dentro e ao redor de nossos corpos f\u00edsicos. Chakras s\u00e3o os centros atrav\u00e9s dos quais a energia flui para dentro e para fora do nosso [&hellip;]<\/p>\n","protected":false},"author":1,"featured_media":0,"comment_status":"open","ping_status":"open","sticky":false,"template":"","format":"standard","meta":{"_mi_skip_tracking":false},"categories":[3],"tags":[],"_links":{"self":[{"href":"https:\/\/www.miguelfaccio.com.br\/blog\/index.php\/wp-json\/wp\/v2\/posts\/16920"}],"collection":[{"href":"https:\/\/www.miguelfaccio.com.br\/blog\/index.php\/wp-json\/wp\/v2\/posts"}],"about":[{"href":"https:\/\/www.miguelfaccio.com.br\/blog\/index.php\/wp-json\/wp\/v2\/types\/post"}],"author":[{"embeddable":true,"href":"https:\/\/www.miguelfaccio.com.br\/blog\/index.php\/wp-json\/wp\/v2\/users\/1"}],"replies":[{"embeddable":true,"href":"https:\/\/www.miguelfaccio.com.br\/blog\/index.php\/wp-json\/wp\/v2\/comments?post=16920"}],"version-history":[{"count":1,"href":"https:\/\/www.miguelfaccio.com.br\/blog\/index.php\/wp-json\/wp\/v2\/posts\/16920\/revisions"}],"predecessor-version":[{"id":16921,"href":"https:\/\/www.miguelfaccio.com.br\/blog\/index.php\/wp-json\/wp\/v2\/posts\/16920\/revisions\/16921"}],"wp:attachment":[{"href":"https:\/\/www.miguelfaccio.com.br\/blog\/index.php\/wp-json\/wp\/v2\/media?parent=16920"}],"wp:term":[{"taxonomy":"category","embeddable":true,"href":"https:\/\/www.miguelfaccio.com.br\/blog\/index.php\/wp-json\/wp\/v2\/categories?post=16920"},{"taxonomy":"post_tag","embeddable":true,"href":"https:\/\/www.miguelfaccio.com.br\/blog\/index.php\/wp-json\/wp\/v2\/tags?post=16920"}],"curies":[{"name":"wp","href":"https:\/\/api.w.org\/{rel}","templated":true}]}}