{"id":16918,"date":"2023-11-09T07:58:25","date_gmt":"2023-11-09T10:58:25","guid":{"rendered":"https:\/\/www.miguelfaccio.com.br\/blog\/?p=16918"},"modified":"2023-11-09T07:58:28","modified_gmt":"2023-11-09T10:58:28","slug":"plv3556-livro-24-diario-03-06-2021","status":"publish","type":"post","link":"https:\/\/www.miguelfaccio.com.br\/blog\/index.php\/plv3556-livro-24-diario-03-06-2021\/","title":{"rendered":"PLV3556 &#8211; Livro 24 &#8211; Di\u00e1rio, 03\/06\/2021"},"content":{"rendered":"\n<p class=\"has-text-align-right\"><strong>03\/06\/2021<\/strong><\/p>\n\n\n\n<p>Enquanto ainda estivermos imersos na terceira dimens\u00e3o, sentiremos a energia que a forma. Precisamos lutar contra essas energias nos impregnado com a nova energia que est\u00e1 envolvendo a Terra e que tanto mais r\u00e1pida ser\u00e1 sua transi\u00e7\u00e3o de acordo com assimila\u00e7\u00e3o pelos seres humanos dessa nova energia. Tudo converge para essa nova energia, mas, quando se acelera o passo, mais f\u00e1cil ser\u00e1 a transmuta\u00e7\u00e3o. Todos os humanos que est\u00e3o agora no planeta, seus projetos de reencarna\u00e7\u00e3o j\u00e1 preveem esse per\u00edodo de instabilidade formada pela altera\u00e7\u00e3o causada tamb\u00e9m na parte material do planeta. Mas o que importa mesmo \u00e9 a energia mais sutil e que os olhos humanos n\u00e3o conseguem ver, que s\u00e3o as energias que formam as individualidades e que chamamos de esp\u00edrito. O consciente do corpo f\u00edsico dificilmente ir\u00e1 perceber essas altera\u00e7\u00f5es que se processam, por serem extremamente sutis e que se expressar\u00e3o em sua totalidade s\u00f3 depois de ultrapassar a porta que separa as duas dimens\u00f5es, que s\u00e3o, na realidade, uma diferen\u00e7a apenas de intensidade e frequ\u00eancia da energia. Tudo \u00e9 energia, e forma todas as coisas, o que as diferencia entre si \u00e9 apenas a intensidade e a frequ\u00eancia de cada energia. Estamos saindo da terceira e entrando na quinta dimens\u00e3o, e isso \u00e9 sinal de que estamos entrando na maioridade.<\/p>\n","protected":false},"excerpt":{"rendered":"<p>03\/06\/2021 Enquanto ainda estivermos imersos na terceira dimens\u00e3o, sentiremos a energia que a forma. Precisamos lutar contra essas energias nos impregnado com a nova energia que est\u00e1 envolvendo a Terra e que tanto mais r\u00e1pida ser\u00e1 sua transi\u00e7\u00e3o de acordo com assimila\u00e7\u00e3o pelos seres humanos dessa nova energia. Tudo converge para essa nova energia, mas, [&hellip;]<\/p>\n","protected":false},"author":1,"featured_media":0,"comment_status":"open","ping_status":"open","sticky":false,"template":"","format":"standard","meta":{"_mi_skip_tracking":false},"categories":[30],"tags":[],"_links":{"self":[{"href":"https:\/\/www.miguelfaccio.com.br\/blog\/index.php\/wp-json\/wp\/v2\/posts\/16918"}],"collection":[{"href":"https:\/\/www.miguelfaccio.com.br\/blog\/index.php\/wp-json\/wp\/v2\/posts"}],"about":[{"href":"https:\/\/www.miguelfaccio.com.br\/blog\/index.php\/wp-json\/wp\/v2\/types\/post"}],"author":[{"embeddable":true,"href":"https:\/\/www.miguelfaccio.com.br\/blog\/index.php\/wp-json\/wp\/v2\/users\/1"}],"replies":[{"embeddable":true,"href":"https:\/\/www.miguelfaccio.com.br\/blog\/index.php\/wp-json\/wp\/v2\/comments?post=16918"}],"version-history":[{"count":1,"href":"https:\/\/www.miguelfaccio.com.br\/blog\/index.php\/wp-json\/wp\/v2\/posts\/16918\/revisions"}],"predecessor-version":[{"id":16919,"href":"https:\/\/www.miguelfaccio.com.br\/blog\/index.php\/wp-json\/wp\/v2\/posts\/16918\/revisions\/16919"}],"wp:attachment":[{"href":"https:\/\/www.miguelfaccio.com.br\/blog\/index.php\/wp-json\/wp\/v2\/media?parent=16918"}],"wp:term":[{"taxonomy":"category","embeddable":true,"href":"https:\/\/www.miguelfaccio.com.br\/blog\/index.php\/wp-json\/wp\/v2\/categories?post=16918"},{"taxonomy":"post_tag","embeddable":true,"href":"https:\/\/www.miguelfaccio.com.br\/blog\/index.php\/wp-json\/wp\/v2\/tags?post=16918"}],"curies":[{"name":"wp","href":"https:\/\/api.w.org\/{rel}","templated":true}]}}