{"id":16916,"date":"2023-11-08T08:11:49","date_gmt":"2023-11-08T11:11:49","guid":{"rendered":"https:\/\/www.miguelfaccio.com.br\/blog\/?p=16916"},"modified":"2023-11-08T08:11:52","modified_gmt":"2023-11-08T11:11:52","slug":"rcd3401-raios-ou-chamas","status":"publish","type":"post","link":"https:\/\/www.miguelfaccio.com.br\/blog\/index.php\/rcd3401-raios-ou-chamas\/","title":{"rendered":"RCD3401 Raios ou Chamas"},"content":{"rendered":"\n<p class=\"has-text-align-right\"><strong>A\u2019HO <br>Por Aurora Ray<\/strong><\/p>\n\n\n\n<p>ATUALIZA\u00c7\u00c3O DO DNA PLEIADIANO<\/p>\n\n\n\n<p>04 de novembro de 2023<\/p>\n\n\n\n<p>*Atualiza\u00e7\u00e3o do DNA Pleiadiano: Elevando a Consci\u00eancia Humana!*<\/p>\n\n\n\n<p>A chegada dos Pleiadianos est\u00e1 inaugurando uma nova era emocionante para a humanidade e para toda a vida na Terra. \u00c0 medida que eles nos ajudam a atualizar o nosso DNA e a expandir a nossa consci\u00eancia, estamos nos elevando a estados mais elevados de ser. Isso nos abre para experimentar mais paz, amor e harmonia dentro de n\u00f3s mesmos e em nosso mundo.<\/p>\n\n\n\n<p>Os Pleiadianos carregam uma vibra\u00e7\u00e3o refinada que ativa ainda mais os c\u00f3digos de luz dentro de n\u00f3s. Seus campos de energia ajudam a despertar nossas habilidades latentes, como telepatia, clarivid\u00eancia e telecinesia. \u00c0 medida que aprendemos a dominar essas habilidades extra-sensoriais, podemos nos conectar de maneiras mais centradas no cora\u00e7\u00e3o. Isso estabelece a base para uma maior compreens\u00e3o e compaix\u00e3o.<\/p>\n\n\n\n<p>Com a consci\u00eancia expandida, obtemos uma vis\u00e3o mais clara da interconex\u00e3o de toda a vida. Isto desmantela velhos paradigmas de separa\u00e7\u00e3o e medo que alimentaram a disc\u00f3rdia da humanidade. Abra\u00e7ar a nossa ess\u00eancia partilhada como seres espirituais que t\u00eam uma experi\u00eancia humana dissolve naturalmente as divis\u00f5es superficiais.<\/p>\n\n\n\n<p>Canalizar mais sabedoria c\u00f3smica e frequ\u00eancias dimensionais mais elevadas infunde criatividade, inspira\u00e7\u00e3o e conhecimento. Isto impulsiona inova\u00e7\u00f5es preparadas para resolver muitos dos desafios da humanidade. Avan\u00e7os aguardam nas modalidades de cura, energia limpa, transporte e vida sustent\u00e1vel.<\/p>\n\n\n\n<p>Os Pleiadianos nos encorajam a entrar plenamente em nossa luz. \u00c0 medida que brilhamos mais intensamente coletivamente, atra\u00edmos linhas de tempo vibracionais mais elevadas para o nosso planeta. A era das trevas est\u00e1 terminando. Os mil anos de paz e ilumina\u00e7\u00e3o que alguns chamam de Idade de Ouro est\u00e3o nascendo. Com o apoio dos Pleiadianos, estamos prontos para manifestar este futuro glorioso!<\/p>\n\n\n\n<p>Cronograma para ativa\u00e7\u00e3o:<\/p>\n\n\n\n<p>Espera-se que o cronograma para a ativa\u00e7\u00e3o do DNA de 12 cadeias na humanidade ocorra rapidamente num futuro muito pr\u00f3ximo. Esta linha do tempo acelerada representa um salto sem precedentes na evolu\u00e7\u00e3o e na consci\u00eancia humana!<\/p>\n\n\n\n<p>Os Pleiadianos indicaram que a ativa\u00e7\u00e3o ocorrer\u00e1 em ondas, com certos grupos alcan\u00e7ando a ativa\u00e7\u00e3o mais cedo com base na sua consci\u00eancia espiritual e abertura ao processo. Sensitivos, intuitivos, curadores e trabalhadores da Luz provavelmente estar\u00e3o entre os primeiros grupos a passar por atualiza\u00e7\u00f5es espont\u00e2neas de DNA.<\/p>\n\n\n\n<p>Espera-se tamb\u00e9m que as crian\u00e7as nascidas nos pr\u00f3ximos anos apresentem melhorias vis\u00edveis, j\u00e1 que muitas vir\u00e3o ao mundo j\u00e1 codificadas para 12 h\u00e9lices! Suas capacidades e talentos surpreender\u00e3o aqueles que os rodeiam!<\/p>\n\n\n\n<p>\u00c0 medida que mais pessoas alcan\u00e7am a ativa\u00e7\u00e3o, elas far\u00e3o com que outras pessoas ao seu redor tamb\u00e9m comecem a atualizar. Este efeito domin\u00f3 acelerar\u00e1 a linha do tempo e permitir\u00e1 que n\u00fameros massivos sejam ativados em um curto espa\u00e7o de tempo. Espera-se que a massa cr\u00edtica seja alcan\u00e7ada quando aproximadamente 10% da popula\u00e7\u00e3o humana tiver atualizado para o DNA de 12 h\u00e9lices.<\/p>\n\n\n\n<p>Os Pleiadianos enfatizaram que este processo n\u00e3o requer tecnologia externa, apenas consci\u00eancia espiritual interior e uma prontid\u00e3o para passar para o pr\u00f3ximo n\u00edvel de evolu\u00e7\u00e3o humana. Aqueles que desejam acelerar a sua ativa\u00e7\u00e3o s\u00e3o aconselhados a seguir a intui\u00e7\u00e3o, abra\u00e7ar os princ\u00edpios da ilumina\u00e7\u00e3o, libertar-se de cren\u00e7as limitantes e alinhar-se com a sua auto orienta\u00e7\u00e3o superior.<\/p>\n\n\n\n<p>Com a assist\u00eancia Pleiadiana, o processo de ativa\u00e7\u00e3o das 12 h\u00e9lices est\u00e1 bem encaminhado. Embora o cronograma preciso permane\u00e7a fluido, eles nos garantem que a linha de chegada j\u00e1 est\u00e1 \u00e0 vista. Estamos coletivamente \u00e0 beira de um salto evolutivo diferente de tudo visto antes na Terra. Que novas habilidades e entendimentos maravilhosos nos aguardam!<\/p>\n\n\n\n<p>continua<\/p>\n","protected":false},"excerpt":{"rendered":"<p>A\u2019HO Por Aurora Ray ATUALIZA\u00c7\u00c3O DO DNA PLEIADIANO 04 de novembro de 2023 *Atualiza\u00e7\u00e3o do DNA Pleiadiano: Elevando a Consci\u00eancia Humana!* A chegada dos Pleiadianos est\u00e1 inaugurando uma nova era emocionante para a humanidade e para toda a vida na Terra. \u00c0 medida que eles nos ajudam a atualizar o nosso DNA e a expandir [&hellip;]<\/p>\n","protected":false},"author":1,"featured_media":0,"comment_status":"open","ping_status":"open","sticky":false,"template":"","format":"standard","meta":{"_mi_skip_tracking":false},"categories":[3],"tags":[],"_links":{"self":[{"href":"https:\/\/www.miguelfaccio.com.br\/blog\/index.php\/wp-json\/wp\/v2\/posts\/16916"}],"collection":[{"href":"https:\/\/www.miguelfaccio.com.br\/blog\/index.php\/wp-json\/wp\/v2\/posts"}],"about":[{"href":"https:\/\/www.miguelfaccio.com.br\/blog\/index.php\/wp-json\/wp\/v2\/types\/post"}],"author":[{"embeddable":true,"href":"https:\/\/www.miguelfaccio.com.br\/blog\/index.php\/wp-json\/wp\/v2\/users\/1"}],"replies":[{"embeddable":true,"href":"https:\/\/www.miguelfaccio.com.br\/blog\/index.php\/wp-json\/wp\/v2\/comments?post=16916"}],"version-history":[{"count":1,"href":"https:\/\/www.miguelfaccio.com.br\/blog\/index.php\/wp-json\/wp\/v2\/posts\/16916\/revisions"}],"predecessor-version":[{"id":16917,"href":"https:\/\/www.miguelfaccio.com.br\/blog\/index.php\/wp-json\/wp\/v2\/posts\/16916\/revisions\/16917"}],"wp:attachment":[{"href":"https:\/\/www.miguelfaccio.com.br\/blog\/index.php\/wp-json\/wp\/v2\/media?parent=16916"}],"wp:term":[{"taxonomy":"category","embeddable":true,"href":"https:\/\/www.miguelfaccio.com.br\/blog\/index.php\/wp-json\/wp\/v2\/categories?post=16916"},{"taxonomy":"post_tag","embeddable":true,"href":"https:\/\/www.miguelfaccio.com.br\/blog\/index.php\/wp-json\/wp\/v2\/tags?post=16916"}],"curies":[{"name":"wp","href":"https:\/\/api.w.org\/{rel}","templated":true}]}}