{"id":16910,"date":"2023-11-07T08:08:53","date_gmt":"2023-11-07T11:08:53","guid":{"rendered":"https:\/\/www.miguelfaccio.com.br\/blog\/?p=16910"},"modified":"2023-11-07T08:08:56","modified_gmt":"2023-11-07T11:08:56","slug":"plv3554-livro-24-diario-01-06-2021","status":"publish","type":"post","link":"https:\/\/www.miguelfaccio.com.br\/blog\/index.php\/plv3554-livro-24-diario-01-06-2021\/","title":{"rendered":"PLV3554 &#8211; Livro 24 &#8211; Di\u00e1rio, 01\/06\/2021"},"content":{"rendered":"\n<p class=\"has-text-align-right\"><strong>01\/06\/2021<\/strong><\/p>\n\n\n\n<p>Um dia, quando a vontade nos impulsionar, o desejo nos guiar e a escolha nos mostrar o caminho, estaremos junto com aqueles que dar\u00e3o um passo de gigante, pulando da terceira para a quinta dimens\u00e3o. Temos que perder o costume, muito difundido, de que Deus d\u00e1, Deus protege formando uma barreira ao nosso redor. N\u00e3o \u00e9 bem assim, n\u00e3o. Somos livres, temos o livre-arb\u00edtrio para qu\u00ea? S\u00f3 para constar? A situa\u00e7\u00e3o \u00e9 bem outra. Deus, isto \u00e9, os seres mais evolu\u00eddos nos intuem para fazer, para lutar, para levantar e andar. Se n\u00e3o quisermos sair da sombra e \u00e1gua fresca, eles n\u00e3o nos carregar\u00e3o nas costas. O esfor\u00e7o, a luta, a vontade de vencer tem que ser nossas. Sen\u00e3o, onde estar\u00e1 o m\u00e9rito? Se nada fizermos, n\u00e3o teremos m\u00e9rito nenhum. O m\u00e9rito, a evolu\u00e7\u00e3o est\u00e1 sempre vinculada ao nosso esfor\u00e7o. \u00c9 preciso vencer etapas, porque a vit\u00f3ria \u00e9 a soma de pequenas conquistas, das etapas que passaram pela nossa frente e as aproveitamos. Temos projetada para nossa vida a mestria, que se conquista somente depois de muit\u00edssimas reencarna\u00e7\u00f5es buscando a evolu\u00e7\u00e3o espiritual, e esta tem como \u00e1pice a mestria. Sei que \u00e9 dif\u00edcil ao consciente f\u00edsico conscientizar-se dessa realidade. Ele s\u00f3 tem par\u00e2metros da mat\u00e9ria para se basear. A mat\u00e9ria lhe diz \u2013 \u201ceu sou a dona do meu corpo\u201d. Diz isso porque desconhece algo que se afaste mais de um palmo de seu nariz. Com isso perde a intelectualiza\u00e7\u00e3o da fun\u00e7\u00e3o de instrumento de seu esp\u00edrito.<\/p>\n","protected":false},"excerpt":{"rendered":"<p>01\/06\/2021 Um dia, quando a vontade nos impulsionar, o desejo nos guiar e a escolha nos mostrar o caminho, estaremos junto com aqueles que dar\u00e3o um passo de gigante, pulando da terceira para a quinta dimens\u00e3o. Temos que perder o costume, muito difundido, de que Deus d\u00e1, Deus protege formando uma barreira ao nosso redor. [&hellip;]<\/p>\n","protected":false},"author":1,"featured_media":0,"comment_status":"open","ping_status":"open","sticky":false,"template":"","format":"standard","meta":{"_mi_skip_tracking":false},"categories":[30],"tags":[],"_links":{"self":[{"href":"https:\/\/www.miguelfaccio.com.br\/blog\/index.php\/wp-json\/wp\/v2\/posts\/16910"}],"collection":[{"href":"https:\/\/www.miguelfaccio.com.br\/blog\/index.php\/wp-json\/wp\/v2\/posts"}],"about":[{"href":"https:\/\/www.miguelfaccio.com.br\/blog\/index.php\/wp-json\/wp\/v2\/types\/post"}],"author":[{"embeddable":true,"href":"https:\/\/www.miguelfaccio.com.br\/blog\/index.php\/wp-json\/wp\/v2\/users\/1"}],"replies":[{"embeddable":true,"href":"https:\/\/www.miguelfaccio.com.br\/blog\/index.php\/wp-json\/wp\/v2\/comments?post=16910"}],"version-history":[{"count":1,"href":"https:\/\/www.miguelfaccio.com.br\/blog\/index.php\/wp-json\/wp\/v2\/posts\/16910\/revisions"}],"predecessor-version":[{"id":16911,"href":"https:\/\/www.miguelfaccio.com.br\/blog\/index.php\/wp-json\/wp\/v2\/posts\/16910\/revisions\/16911"}],"wp:attachment":[{"href":"https:\/\/www.miguelfaccio.com.br\/blog\/index.php\/wp-json\/wp\/v2\/media?parent=16910"}],"wp:term":[{"taxonomy":"category","embeddable":true,"href":"https:\/\/www.miguelfaccio.com.br\/blog\/index.php\/wp-json\/wp\/v2\/categories?post=16910"},{"taxonomy":"post_tag","embeddable":true,"href":"https:\/\/www.miguelfaccio.com.br\/blog\/index.php\/wp-json\/wp\/v2\/tags?post=16910"}],"curies":[{"name":"wp","href":"https:\/\/api.w.org\/{rel}","templated":true}]}}