{"id":16908,"date":"2023-11-06T08:33:05","date_gmt":"2023-11-06T11:33:05","guid":{"rendered":"https:\/\/www.miguelfaccio.com.br\/blog\/?p=16908"},"modified":"2023-11-06T08:33:08","modified_gmt":"2023-11-06T11:33:08","slug":"rcd3399-raios-ou-chamas","status":"publish","type":"post","link":"https:\/\/www.miguelfaccio.com.br\/blog\/index.php\/rcd3399-raios-ou-chamas\/","title":{"rendered":"RCD3399 Raios ou Chamas"},"content":{"rendered":"\n<p class=\"has-text-align-right\"><strong>Seres Celestiais Brancos <br>Atrav\u00e9s de Natalie Glasson<\/strong><\/p>\n\n\n\n<p>SUA RESPONSABILIDADE PELA PAZ<\/p>\n\n\n\n<p>26 de outubro de 2023<\/p>\n\n\n\n<p>Sauda\u00e7\u00f5es, amados Far\u00f3is de Luz, Somos os Seres Celestiais Brancos.<\/p>\n\n\n\n<p>Somos conhecidos como Seres Celestiais Brancos porque existimos no n\u00edvel celestial e muitas vezes muitos veem nossa energia como a cor branca. Temos estado a servi\u00e7o da Terra e da humanidade desde o in\u00edcio e estamos presentes para servir agora. Por favor, invoquem nossas energias, nossa presen\u00e7a, para cerc\u00e1-los e ajud\u00e1-los, pois desejamos estar a seu servi\u00e7o.<\/p>\n\n\n\n<p>Nosso amor, nossa felicidade, nossa paz os envolve e entendemos o qu\u00e3o importante isso \u00e9 neste momento da evolu\u00e7\u00e3o da Terra e das cria\u00e7\u00f5es da humanidade. H\u00e1 muitas coisas acontecendo em sua realidade e no mundo ao seu redor que podem estar lhe causando transtorno, depress\u00e3o ou incerteza sobre seu pr\u00f3prio crescimento espiritual, enquanto voc\u00ea tenta navegar em sua realidade espiritual.<\/p>\n\n\n\n<p>Enquanto observam ou talvez at\u00e9 experimentem o caos em sua pr\u00f3pria realidade, ou no mundo ao seu redor, pode ser um desafio permanecer em um espa\u00e7o de paz, em um espa\u00e7o de amor e de conex\u00e3o com a sua verdade e com o Criador.<\/p>\n\n\n\n<p>N\u00f3s, os Seres Celestiais Brancos, desejamos compartilhar com voc\u00eas que, na verdade, \u00e9 sua responsabilidade continuar a trazer o seu foco de volta para o amor dentro do seu ser \u2013 a felicidade, a paz, a verdade \u2013 e agir como um Farol de Luz, irradiando qualidades sagradas do Criador para o mundo.<\/p>\n\n\n\n<p>Se voc\u00ea n\u00e3o aceitar esta responsabilidade, ent\u00e3o talvez outros o fa\u00e7am, entretanto, o que acontecer\u00e1 se todos ignorarem o amor, a verdade, a paz e a felicidade dentro de seu ser? A vibra\u00e7\u00e3o da Terra diminuiria e o caos vivido se tornaria maior.<\/p>\n\n\n\n<p>Como um ser que est\u00e1 consciente \u2013 consciente e voc\u00ea pode dizer desperto \u2013 voc\u00ea tem a responsabilidade de manter ou at\u00e9 mesmo acelerar a vibra\u00e7\u00e3o do seu pr\u00f3prio ser, a fim de manter e acelerar a vibra\u00e7\u00e3o do mundo, at\u00e9 mesmo do Universo do Criador.<\/p>\n\n\n\n<p>Aquilo que voc\u00ea reconhece em seu ser e cura e resolve, cria cura no mundo ao seu redor e em sua pr\u00f3pria realidade. Sua realidade interior \u00e9 refletida no mundo ao seu redor. A maneira como voc\u00ea percebe as coisas pode ser diferente da dos outros. A maneira como voc\u00ea percebe as coisas lhe permite uma vis\u00e3o daquilo que precisa ser curado\/transformado dentro do seu ser.<\/p>\n\n\n\n<p>Voc\u00ea \u00e9 a verdade. Voc\u00ea \u00e9 a Luz. Voc\u00ea \u00e9 a Paz. \u00c9 sua responsabilidade escolher a luz, o amor, a paz. Isso n\u00e3o significa que voc\u00ea precise ignorar as circunst\u00e2ncias na Terra ou a sua realidade que possam desafi\u00e1-lo ou perturb\u00e1-lo. Eles exigem a sua aten\u00e7\u00e3o, mas n\u00e3o o acesso \u00e0 mesma vibra\u00e7\u00e3o que est\u00e1 ocorrendo.<\/p>\n\n\n\n<p>Voc\u00ea pode dar sua aten\u00e7\u00e3o a partir da sua vibra\u00e7\u00e3o de verdade dentro do seu ser, assim, voc\u00ea ver\u00e1 as coisas de uma maneira diferente \u2013 ser\u00e1 capaz de compartilhar sua verdade, ser\u00e1 capaz de acessar seu poder e suas for\u00e7as, ser\u00e1 capaz de acessar seu amor \u2013 e reconhecer tamb\u00e9m como isso afeta o seu ser e como afeta a sua realidade e o mundo ao seu redor.<\/p>\n\n\n\n<p>Cada alma deseja paz \u2013 paz interior, paz na realidade, paz no mundo \u2013 conex\u00f5es entre todos os seres, harmonia, tranquilidade e amor. Essas coisas devem primeiro se manifestar dentro do seu ser.<\/p>\n\n\n\n<p>Voc\u00ea pode se perguntar como pode ficar em paz quando h\u00e1 caos ao seu redor. Cabe a voc\u00ea escolher a paz, sabendo que essa paz ir\u00e1 irradiar\u2026 que \u00e9 quase como um b\u00e1lsamo curativo\u2026 sabendo que voc\u00ea \u00e9 poderoso e que o que voc\u00ea compartilha tem um impacto, sabendo que \u00e0 medida que voc\u00ea se conecta com a paz dentro do seu ser, isso apoia voc\u00ea \u2013 apoia voc\u00ea na navega\u00e7\u00e3o pela sua realidade e pelo mundo ao seu redor.<\/p>\n\n\n\n<p>Se voc\u00ea escolher se concentrar naquilo que est\u00e1 ocorrendo em sua realidade ou ao seu redor, que pode ser ca\u00f3tico, ent\u00e3o voc\u00ea est\u00e1 escolhendo adicionar energia a isso, para constru\u00ed-lo e impulsion\u00e1-lo.<\/p>\n\n\n\n<p>Quando voc\u00ea escolhe a paz, o amor ou a verdade, voc\u00ea est\u00e1 escolhendo um rem\u00e9dio. Voc\u00ea \u00e9 o rem\u00e9dio, em um n\u00edvel energ\u00e9tico, e est\u00e1 trazendo mudan\u00e7as, transforma\u00e7\u00f5es e mudan\u00e7as para si mesmo, para a sua realidade e para o mundo.<\/p>\n\n\n\n<p>\u00c9 por isso que voc\u00ea foi colocado na Terra.<\/p>\n\n\n\n<p>\u00c9 por isso que voc\u00eas escolheram existir na Terra agora.<\/p>\n\n\n\n<p>Voc\u00ea \u00e9 a seguran\u00e7a que procura. Voc\u00ea \u00e9 na verdade tudo o que procura. Quando voc\u00ea volta sua aten\u00e7\u00e3o para dentro e pede para ativar aquilo que busca, sua energia interior sempre responder\u00e1. \u00c9 simplesmente uma escolha.<\/p>\n\n\n\n<p>\u00c0s vezes, at\u00e9 mesmo essa escolha pode ser dif\u00edcil de fazer. \u00c0s vezes \u00e9 muito mais f\u00e1cil focar no caos e em como ele causa transtorno e tristeza em seu ser, em vez de focar na paz, no amor e na verdade dentro de seu ser.<\/p>\n\n\n\n<p>Este n\u00e3o \u00e9 um julgamento de forma alguma. Compreendemos que \u00e9 um desafio aceitar a sua responsabilidade pela paz, talvez num mundo que parece que os outros n\u00e3o a assumam.<\/p>\n\n\n\n<p>N\u00f3s, os Seres Celestiais Brancos, apoiamos voc\u00eas totalmente, os amamos totalmente e os auxiliamos totalmente para que possam aceitar sua responsabilidade.<\/p>\n\n\n\n<p>N\u00f3s os amamos muito.<\/p>\n\n\n\n<p>N\u00f3s Somos os Seres Celestiais Brancos e agradecemos.<\/p>\n\n\n\n<p>Formata\u00e7\u00e3o e tradu\u00e7\u00e3o \u2013 DE CORA\u00c7\u00c3O A CORA\u00c7\u00c3O<\/p>\n\n\n\n<figure class=\"wp-block-embed\"><div class=\"wp-block-embed__wrapper\">\nhttp:\/\/www.decoracaoacoracao.blog.br\/\n<\/div><\/figure>\n\n\n\n<figure class=\"wp-block-embed\"><div class=\"wp-block-embed__wrapper\">\nhttp:\/\/stelalecocq.blogspot.com\n<\/div><\/figure>\n\n\n\n<figure class=\"wp-block-embed\"><div class=\"wp-block-embed__wrapper\">\nhttps:\/\/lecocq.wordpress.com\n<\/div><\/figure>\n\n\n\n<p>Instagram \u2013 @blogdecoracaoacoracao<\/p>\n\n\n\n<p>Informa\u00e7\u00f5es e Agendamentos para Mesa Qu\u00e2ntica Estelar, Mesa Pet, Mesa Qu\u00e2ntica 2.0, Sistema Regenerador Ashtariano, Sistema Arcturiano de Cura Multidimensional \u2013 lecocqmuller@gmail.com<\/p>\n\n\n\n<figure class=\"wp-block-embed is-type-wp-embed is-provider-omna-sanctuary wp-block-embed-omna-sanctuary\"><div class=\"wp-block-embed__wrapper\">\n<blockquote class=\"wp-embedded-content\" data-secret=\"XofmVMuret\"><a href=\"https:\/\/omna.org\/\">Home Page<\/a><\/blockquote><iframe class=\"wp-embedded-content\" sandbox=\"allow-scripts\" security=\"restricted\" style=\"position: absolute; clip: rect(1px, 1px, 1px, 1px);\" title=\"&#8220;Home Page&#8221; &#8212; OmNa Sanctuary\" src=\"https:\/\/omna.org\/embed\/#?secret=kiWpRNC6kp#?secret=XofmVMuret\" data-secret=\"XofmVMuret\" width=\"600\" height=\"338\" frameborder=\"0\" marginwidth=\"0\" marginheight=\"0\" scrolling=\"no\"><\/iframe>\n<\/div><\/figure>\n\n\n\n<p>Respeite todos os cr\u00e9ditos ao compartilhar<\/p>\n\n\n\n<p>LUZ!<\/p>\n\n\n\n<p>STELA<\/p>\n","protected":false},"excerpt":{"rendered":"<p>Seres Celestiais Brancos Atrav\u00e9s de Natalie Glasson SUA RESPONSABILIDADE PELA PAZ 26 de outubro de 2023 Sauda\u00e7\u00f5es, amados Far\u00f3is de Luz, Somos os Seres Celestiais Brancos. Somos conhecidos como Seres Celestiais Brancos porque existimos no n\u00edvel celestial e muitas vezes muitos veem nossa energia como a cor branca. Temos estado a servi\u00e7o da Terra e [&hellip;]<\/p>\n","protected":false},"author":1,"featured_media":0,"comment_status":"open","ping_status":"open","sticky":false,"template":"","format":"standard","meta":{"_mi_skip_tracking":false},"categories":[3],"tags":[],"_links":{"self":[{"href":"https:\/\/www.miguelfaccio.com.br\/blog\/index.php\/wp-json\/wp\/v2\/posts\/16908"}],"collection":[{"href":"https:\/\/www.miguelfaccio.com.br\/blog\/index.php\/wp-json\/wp\/v2\/posts"}],"about":[{"href":"https:\/\/www.miguelfaccio.com.br\/blog\/index.php\/wp-json\/wp\/v2\/types\/post"}],"author":[{"embeddable":true,"href":"https:\/\/www.miguelfaccio.com.br\/blog\/index.php\/wp-json\/wp\/v2\/users\/1"}],"replies":[{"embeddable":true,"href":"https:\/\/www.miguelfaccio.com.br\/blog\/index.php\/wp-json\/wp\/v2\/comments?post=16908"}],"version-history":[{"count":1,"href":"https:\/\/www.miguelfaccio.com.br\/blog\/index.php\/wp-json\/wp\/v2\/posts\/16908\/revisions"}],"predecessor-version":[{"id":16909,"href":"https:\/\/www.miguelfaccio.com.br\/blog\/index.php\/wp-json\/wp\/v2\/posts\/16908\/revisions\/16909"}],"wp:attachment":[{"href":"https:\/\/www.miguelfaccio.com.br\/blog\/index.php\/wp-json\/wp\/v2\/media?parent=16908"}],"wp:term":[{"taxonomy":"category","embeddable":true,"href":"https:\/\/www.miguelfaccio.com.br\/blog\/index.php\/wp-json\/wp\/v2\/categories?post=16908"},{"taxonomy":"post_tag","embeddable":true,"href":"https:\/\/www.miguelfaccio.com.br\/blog\/index.php\/wp-json\/wp\/v2\/tags?post=16908"}],"curies":[{"name":"wp","href":"https:\/\/api.w.org\/{rel}","templated":true}]}}