{"id":16906,"date":"2023-11-06T08:30:11","date_gmt":"2023-11-06T11:30:11","guid":{"rendered":"https:\/\/www.miguelfaccio.com.br\/blog\/?p=16906"},"modified":"2023-11-06T08:30:14","modified_gmt":"2023-11-06T11:30:14","slug":"plv3553-livro-24-diario-31-05-2021","status":"publish","type":"post","link":"https:\/\/www.miguelfaccio.com.br\/blog\/index.php\/plv3553-livro-24-diario-31-05-2021\/","title":{"rendered":"PLV3553 &#8211; Livro 24 &#8211; Di\u00e1rio, 31\/05\/2021"},"content":{"rendered":"\n<p class=\"has-text-align-right\"><strong>31\/05\/2021<\/strong><\/p>\n\n\n\n<p>O planeta, junto com todos os seus habitantes, est\u00e1 passando por uma fase dif\u00edcil de sua exist\u00eancia. Precisa equilibrar sua energia e, de modo especial, a do ser humano, que, rebelde, se deixa levar pelo \u00f3cio espiritual. S\u00f3 tem a mente direcionada para as coisas materiais e, pior ainda, furta dos outros at\u00e9 o p\u00e3o de sua mesa. Ao menos em parte, essa humanidade parece que voltou ao tempo das cavernas. N\u00e3o existem mais limites e nem princ\u00edpios. Tudo converge para a satisfa\u00e7\u00e3o de um ego e mente equilibrada. Para matar algu\u00e9m, n\u00e3o precisa de muita coisa, \u00e9 s\u00f3 puxar o gatilho de seu rev\u00f3lver. Isso j\u00e1 \u00e9 suficiente quando o assaltado n\u00e3o der ou n\u00e3o tiver o que querem. Da forma como est\u00e1, s\u00f3 falta a peneira do Cristo, para extirpar esses seres que retrogradam sua evolu\u00e7\u00e3o espiritual. Como o planeta ir\u00e1 se livrar dessas energias que pesteiam o ar, as fam\u00edlias e a sociedade? \u00c9 necess\u00e1ria uma a\u00e7\u00e3o forte o suficiente para limpar um pouco o caminho evolutivo do planeta para a quinta dimens\u00e3o. Sei muito bem que s\u00e3o nossos irm\u00e3os tamb\u00e9m, mas para todo mal h\u00e1 o rem\u00e9dio correspondente. \u00c9 dif\u00edcil aceitar, mas s\u00e3o as condi\u00e7\u00f5es em que o planeta est\u00e1 agora. Ou ser\u00e1 necess\u00e1ria a vinda de um outro Sanat Kumara para tentar salvar esse lindo planeta azul? As dificuldades existem e se enfrentam com determina\u00e7\u00e3o e paci\u00eancia, mas \u00e9 necess\u00e1rio o m\u00ednimo de colabora\u00e7\u00e3o e empenho do ser humano.<\/p>\n","protected":false},"excerpt":{"rendered":"<p>31\/05\/2021 O planeta, junto com todos os seus habitantes, est\u00e1 passando por uma fase dif\u00edcil de sua exist\u00eancia. Precisa equilibrar sua energia e, de modo especial, a do ser humano, que, rebelde, se deixa levar pelo \u00f3cio espiritual. S\u00f3 tem a mente direcionada para as coisas materiais e, pior ainda, furta dos outros at\u00e9 o [&hellip;]<\/p>\n","protected":false},"author":1,"featured_media":0,"comment_status":"open","ping_status":"open","sticky":false,"template":"","format":"standard","meta":{"_mi_skip_tracking":false},"categories":[30],"tags":[],"_links":{"self":[{"href":"https:\/\/www.miguelfaccio.com.br\/blog\/index.php\/wp-json\/wp\/v2\/posts\/16906"}],"collection":[{"href":"https:\/\/www.miguelfaccio.com.br\/blog\/index.php\/wp-json\/wp\/v2\/posts"}],"about":[{"href":"https:\/\/www.miguelfaccio.com.br\/blog\/index.php\/wp-json\/wp\/v2\/types\/post"}],"author":[{"embeddable":true,"href":"https:\/\/www.miguelfaccio.com.br\/blog\/index.php\/wp-json\/wp\/v2\/users\/1"}],"replies":[{"embeddable":true,"href":"https:\/\/www.miguelfaccio.com.br\/blog\/index.php\/wp-json\/wp\/v2\/comments?post=16906"}],"version-history":[{"count":1,"href":"https:\/\/www.miguelfaccio.com.br\/blog\/index.php\/wp-json\/wp\/v2\/posts\/16906\/revisions"}],"predecessor-version":[{"id":16907,"href":"https:\/\/www.miguelfaccio.com.br\/blog\/index.php\/wp-json\/wp\/v2\/posts\/16906\/revisions\/16907"}],"wp:attachment":[{"href":"https:\/\/www.miguelfaccio.com.br\/blog\/index.php\/wp-json\/wp\/v2\/media?parent=16906"}],"wp:term":[{"taxonomy":"category","embeddable":true,"href":"https:\/\/www.miguelfaccio.com.br\/blog\/index.php\/wp-json\/wp\/v2\/categories?post=16906"},{"taxonomy":"post_tag","embeddable":true,"href":"https:\/\/www.miguelfaccio.com.br\/blog\/index.php\/wp-json\/wp\/v2\/tags?post=16906"}],"curies":[{"name":"wp","href":"https:\/\/api.w.org\/{rel}","templated":true}]}}