{"id":16901,"date":"2023-11-05T08:24:44","date_gmt":"2023-11-05T11:24:44","guid":{"rendered":"https:\/\/www.miguelfaccio.com.br\/blog\/?p=16901"},"modified":"2023-11-05T08:24:48","modified_gmt":"2023-11-05T11:24:48","slug":"plv3552-livro-24-diario-30-05-2021","status":"publish","type":"post","link":"https:\/\/www.miguelfaccio.com.br\/blog\/index.php\/plv3552-livro-24-diario-30-05-2021\/","title":{"rendered":"PLV3552 &#8211; Livro 24 &#8211; Di\u00e1rio, 30\/05\/2021"},"content":{"rendered":"\n<p class=\"has-text-align-right\"><strong>30\/05\/2021<\/strong><\/p>\n\n\n\n<p>Os problemas nunca s\u00e3o maiores que as pr\u00f3prias for\u00e7as. Precisamos entender que n\u00e3o fomos largados aqui, como se faz com algo de que n\u00e3o se precisa mais. Bem ao contr\u00e1rio. Do lado de cima, donde viemos, n\u00e3o o corpo, mas a ess\u00eancia, a consci\u00eancia existente, \u00e9 \u201cSomos todos um\u201d, porque somos todos filhos do mesmo Pai e irm\u00e3os de exist\u00eancia para a eternidade. Se aqui na Terra j\u00e1 se tem um certo carinho pelos irm\u00e3os, ent\u00e3o imagina quando se tem a consci\u00eancia de que \u201cSomos todos um\u201d. H\u00e1 outro fator importante tamb\u00e9m. Todos os que encarnam na Terra v\u00eam com um projeto preestabelecido que precisa cumprir, e isso para que se resgatem todos os carmas praticados pelo esp\u00edrito em corpos anteriores. O Concelho C\u00e1rmico sabe dosar exatamente quanto o esp\u00edrito tem que resgatar nesta exist\u00eancia terrena. Os problemas que nos surgem s\u00e3o exatamente esses resgates. H\u00e1 a necessidade de o ser f\u00edsico conscientizar-se de que \u00e9 apenas o ve\u00edculo pelo qual o esp\u00edrito age e interage na mat\u00e9ria, tanto para resgatar malfeitos de corpos anteriores como, tamb\u00e9m, experienciar os conhecimentos para poder evoluir. Deus j\u00e1 disse a Ad\u00e3o \u2013 que somos todos n\u00f3s \u2013 \u201ccrescei e multiplicai-vos\u201d. \u00c9 para isso que ainda estamos vinculados a um planeta em terceira dimens\u00e3o, para crescer espiritualmente e multiplicar os conhecimentos. Os problemas s\u00e3o exatamente o aguilh\u00e3o que nos empurra para o crescimento como esp\u00edritos, porque a estrada \u00e9 bastante longa.<\/p>\n","protected":false},"excerpt":{"rendered":"<p>30\/05\/2021 Os problemas nunca s\u00e3o maiores que as pr\u00f3prias for\u00e7as. Precisamos entender que n\u00e3o fomos largados aqui, como se faz com algo de que n\u00e3o se precisa mais. Bem ao contr\u00e1rio. Do lado de cima, donde viemos, n\u00e3o o corpo, mas a ess\u00eancia, a consci\u00eancia existente, \u00e9 \u201cSomos todos um\u201d, porque somos todos filhos do [&hellip;]<\/p>\n","protected":false},"author":1,"featured_media":0,"comment_status":"open","ping_status":"open","sticky":false,"template":"","format":"standard","meta":{"_mi_skip_tracking":false},"categories":[30],"tags":[],"_links":{"self":[{"href":"https:\/\/www.miguelfaccio.com.br\/blog\/index.php\/wp-json\/wp\/v2\/posts\/16901"}],"collection":[{"href":"https:\/\/www.miguelfaccio.com.br\/blog\/index.php\/wp-json\/wp\/v2\/posts"}],"about":[{"href":"https:\/\/www.miguelfaccio.com.br\/blog\/index.php\/wp-json\/wp\/v2\/types\/post"}],"author":[{"embeddable":true,"href":"https:\/\/www.miguelfaccio.com.br\/blog\/index.php\/wp-json\/wp\/v2\/users\/1"}],"replies":[{"embeddable":true,"href":"https:\/\/www.miguelfaccio.com.br\/blog\/index.php\/wp-json\/wp\/v2\/comments?post=16901"}],"version-history":[{"count":1,"href":"https:\/\/www.miguelfaccio.com.br\/blog\/index.php\/wp-json\/wp\/v2\/posts\/16901\/revisions"}],"predecessor-version":[{"id":16902,"href":"https:\/\/www.miguelfaccio.com.br\/blog\/index.php\/wp-json\/wp\/v2\/posts\/16901\/revisions\/16902"}],"wp:attachment":[{"href":"https:\/\/www.miguelfaccio.com.br\/blog\/index.php\/wp-json\/wp\/v2\/media?parent=16901"}],"wp:term":[{"taxonomy":"category","embeddable":true,"href":"https:\/\/www.miguelfaccio.com.br\/blog\/index.php\/wp-json\/wp\/v2\/categories?post=16901"},{"taxonomy":"post_tag","embeddable":true,"href":"https:\/\/www.miguelfaccio.com.br\/blog\/index.php\/wp-json\/wp\/v2\/tags?post=16901"}],"curies":[{"name":"wp","href":"https:\/\/api.w.org\/{rel}","templated":true}]}}