{"id":16898,"date":"2023-11-04T08:43:23","date_gmt":"2023-11-04T11:43:23","guid":{"rendered":"https:\/\/www.miguelfaccio.com.br\/blog\/?p=16898"},"modified":"2023-11-04T08:43:25","modified_gmt":"2023-11-04T11:43:25","slug":"rcd3397-raios-ou-chamas","status":"publish","type":"post","link":"https:\/\/www.miguelfaccio.com.br\/blog\/index.php\/rcd3397-raios-ou-chamas\/","title":{"rendered":"RCD3397 Raios ou Chamas"},"content":{"rendered":"\n<p class=\"has-text-align-right\"><strong>A\u2019HO <br>Por Aurora Ray<\/strong><\/p>\n\n\n\n<p>A EMERG\u00caNCIA DA CONSCI\u00caNCIA SUPERIOR<\/p>\n\n\n\n<p>continua\u00e7\u00e3o<\/p>\n\n\n\n<p>Assist\u00eancia Extraterrestre:<\/p>\n\n\n\n<p>\u00c0 medida que a Terra passa por esta grande transforma\u00e7\u00e3o, n\u00e3o estamos sozinhos. Civiliza\u00e7\u00f5es avan\u00e7adas da Federa\u00e7\u00e3o Gal\u00e1ctica vieram ajudar neste processo. Embora eles permane\u00e7am em grande parte ocultos da vis\u00e3o da maioria dos indiv\u00edduos atualmente, a sua influ\u00eancia sutil nos direciona para a ascens\u00e3o.<\/p>\n\n\n\n<p>Os Pleiadianos, s\u00e1bios seres de luz do aglomerado estelar das Pl\u00eaiades, enviam-nos sabedoria e c\u00f3digos de luz para despertar a nossa consci\u00eancia. Com seus cora\u00e7\u00f5es compassivos, eles nos levam a estados de ser mais elevados.<\/p>\n\n\n\n<p>Os Curadores Arcturianos de Arcturus trabalham na cura do planeta e de seus habitantes. Usando t\u00e9cnicas energ\u00e9ticas avan\u00e7adas, eles eliminam bloqueios e reparam sistemas danificados em todo o mundo. Sua energia calmante traz paz.<\/p>\n\n\n\n<p>Os Pleiadianos e Arcturianos s\u00e3o acompanhados por muitas outras ra\u00e7as positivas de ETs \u2013 Sirianos, Andromedanos, Venusianos e muito mais. Cada um empresta seus dons \u00fanicos para elevar a humanidade e Gaia durante esta transi\u00e7\u00e3o. Embora a maioria das pessoas n\u00e3o veja os seus navios no c\u00e9u, cada um de n\u00f3s pode sentir a sua presen\u00e7a amorosa nos nossos cora\u00e7\u00f5es.<\/p>\n\n\n\n<p>N\u00e3o caminhamos sozinhos. M\u00e3os invis\u00edveis nos guiam adiante. Em breve, \u00e0 medida que elevarmos a nossa vibra\u00e7\u00e3o, encontraremos cara a cara a nossa fam\u00edlia c\u00f3smica, pronta para se juntar \u00e0 comunidade gal\u00e1ctica!<\/p>\n\n\n\n<p>A Vit\u00f3ria da Luz:<\/p>\n\n\n\n<p>Tem havido uma longa batalha ocorrendo nos reinos invis\u00edveis entre as for\u00e7as da luz e as for\u00e7as das trevas. A Terra tem sido dominada por energias de servi\u00e7o pr\u00f3prio e por uma cabala de elite que tem procurado o controlo e a domina\u00e7\u00e3o. No entanto, tem havido uma mudan\u00e7a energ\u00e9tica acontecendo, permitindo que a luz obtenha a vit\u00f3ria sobre estas for\u00e7as das trevas.<\/p>\n\n\n\n<p>Muitas almas sens\u00edveis sentiram o peso da guerra espiritual que estava ocorrendo. Mas agora a mar\u00e9 virou a favor da luz, permitindo que a verdade, a harmonia e a consci\u00eancia superior prevale\u00e7am. Isto pode ser visto na exposi\u00e7\u00e3o da corrup\u00e7\u00e3o, na quebra de velhos paradigmas e no r\u00e1pido despertar da humanidade para a sua natureza divina e potencial criativo. Uma onda de luz e amor est\u00e1 se espalhando, capacitando as pessoas a superar o medo e a escolher a unidade.<\/p>\n\n\n\n<p>A vit\u00f3ria da luz significa que a Terra est\u00e1 ascendendo para uma nova linha do tempo 5D de paz, compaix\u00e3o e coopera\u00e7\u00e3o. Todos aqueles que trabalharam pela luz ajudaram neste grande triunfo que ocorreu no tempo divino. A velha matriz de controle est\u00e1 desmoronando e um novo mundo est\u00e1 nascendo!<\/p>\n\n\n\n<p>Ainda haver\u00e1 desafios pela frente, mas o poder da luz e do amor est\u00e1 surgindo na Terra e transformando toda a vida aqui!<\/p>\n\n\n\n<p>N\u00f3s os amamos muito.<\/p>\n\n\n\n<p>Estamos aqui com voc\u00eas.<\/p>\n\n\n\n<p>Somos sua fam\u00edlia de Luz.<\/p>\n\n\n\n<p>N\u00f3s somos a Federa\u00e7\u00e3o Gal\u00e1ctica.<\/p>\n\n\n\n<p>A\u2019HO<\/p>\n\n\n\n<p>Aurora Ray<\/p>\n\n\n\n<p>Embaixadora da Federa\u00e7\u00e3o Gal\u00e1ctica<\/p>\n\n\n\n<p>Formata\u00e7\u00e3o e tradu\u00e7\u00e3o \u2013 DE CORA\u00c7\u00c3O A CORA\u00c7\u00c3O<\/p>\n\n\n\n<figure class=\"wp-block-embed\"><div class=\"wp-block-embed__wrapper\">\nhttp:\/\/www.decoracaoacoracao.blog.br\/\n<\/div><\/figure>\n\n\n\n<figure class=\"wp-block-embed\"><div class=\"wp-block-embed__wrapper\">\nhttp:\/\/stelalecocq.blogspot.com\n<\/div><\/figure>\n\n\n\n<figure class=\"wp-block-embed\"><div class=\"wp-block-embed__wrapper\">\nhttps:\/\/lecocq.wordpress.com\n<\/div><\/figure>\n\n\n\n<p>Instagram \u2013 @blogdecoracaoacoracao<\/p>\n\n\n\n<p>Informa\u00e7\u00f5es e Agendamentos para Mesa Qu\u00e2ntica Estelar, Mesa Pet, Mesa Qu\u00e2ntica 2.0, Sistema Regenerador Ashtariano, Apometria C\u00f3smica e Din\u00e2mica \u2013 lecocqmuller@gmail.com<\/p>\n\n\n\n<p>Direitos autorais 2023 Aurora Ray https:\/\/thegalacticfederation.com\/<\/p>\n\n\n\n<p>Respeite todos os cr\u00e9ditos ao compartilhar<\/p>\n\n\n\n<p>LUZ!<\/p>\n\n\n\n<p>STELA<\/p>\n","protected":false},"excerpt":{"rendered":"<p>A\u2019HO Por Aurora Ray A EMERG\u00caNCIA DA CONSCI\u00caNCIA SUPERIOR continua\u00e7\u00e3o Assist\u00eancia Extraterrestre: \u00c0 medida que a Terra passa por esta grande transforma\u00e7\u00e3o, n\u00e3o estamos sozinhos. Civiliza\u00e7\u00f5es avan\u00e7adas da Federa\u00e7\u00e3o Gal\u00e1ctica vieram ajudar neste processo. Embora eles permane\u00e7am em grande parte ocultos da vis\u00e3o da maioria dos indiv\u00edduos atualmente, a sua influ\u00eancia sutil nos direciona para [&hellip;]<\/p>\n","protected":false},"author":1,"featured_media":0,"comment_status":"open","ping_status":"open","sticky":false,"template":"","format":"standard","meta":{"_mi_skip_tracking":false},"categories":[3],"tags":[],"_links":{"self":[{"href":"https:\/\/www.miguelfaccio.com.br\/blog\/index.php\/wp-json\/wp\/v2\/posts\/16898"}],"collection":[{"href":"https:\/\/www.miguelfaccio.com.br\/blog\/index.php\/wp-json\/wp\/v2\/posts"}],"about":[{"href":"https:\/\/www.miguelfaccio.com.br\/blog\/index.php\/wp-json\/wp\/v2\/types\/post"}],"author":[{"embeddable":true,"href":"https:\/\/www.miguelfaccio.com.br\/blog\/index.php\/wp-json\/wp\/v2\/users\/1"}],"replies":[{"embeddable":true,"href":"https:\/\/www.miguelfaccio.com.br\/blog\/index.php\/wp-json\/wp\/v2\/comments?post=16898"}],"version-history":[{"count":1,"href":"https:\/\/www.miguelfaccio.com.br\/blog\/index.php\/wp-json\/wp\/v2\/posts\/16898\/revisions"}],"predecessor-version":[{"id":16899,"href":"https:\/\/www.miguelfaccio.com.br\/blog\/index.php\/wp-json\/wp\/v2\/posts\/16898\/revisions\/16899"}],"wp:attachment":[{"href":"https:\/\/www.miguelfaccio.com.br\/blog\/index.php\/wp-json\/wp\/v2\/media?parent=16898"}],"wp:term":[{"taxonomy":"category","embeddable":true,"href":"https:\/\/www.miguelfaccio.com.br\/blog\/index.php\/wp-json\/wp\/v2\/categories?post=16898"},{"taxonomy":"post_tag","embeddable":true,"href":"https:\/\/www.miguelfaccio.com.br\/blog\/index.php\/wp-json\/wp\/v2\/tags?post=16898"}],"curies":[{"name":"wp","href":"https:\/\/api.w.org\/{rel}","templated":true}]}}