{"id":16893,"date":"2023-11-03T08:02:56","date_gmt":"2023-11-03T11:02:56","guid":{"rendered":"https:\/\/www.miguelfaccio.com.br\/blog\/?p=16893"},"modified":"2023-11-03T08:03:00","modified_gmt":"2023-11-03T11:03:00","slug":"rcd3396-raios-ou-chamas","status":"publish","type":"post","link":"https:\/\/www.miguelfaccio.com.br\/blog\/index.php\/rcd3396-raios-ou-chamas\/","title":{"rendered":"RCD3396 Raios ou Chamas"},"content":{"rendered":"\n<p class=\"has-text-align-right\"><strong>A\u2019HO <br>Por Aurora Ray<\/strong><\/p>\n\n\n\n<p>A EMERG\u00caNCIA DA CONSCI\u00caNCIA SUPERIOR<\/p>\n\n\n\n<p>28 de agosto de 2023<\/p>\n\n\n\n<p>*Um Novo Amanhecer para a Humanidade!*<\/p>\n\n\n\n<p>Pessoas de todos os lugares podem sentir que grandes mudan\u00e7as est\u00e3o acontecendo em todo o mundo neste momento!<\/p>\n\n\n\n<p>Embora grandes eventos e movimentos pare\u00e7am perturbar o status quo, h\u00e1 tamb\u00e9m uma sensa\u00e7\u00e3o crescente de que a humanidade est\u00e1 verdadeiramente a transformar-se, como uma lagarta a transformar-se numa borboleta. \u00c9 como se a pr\u00f3pria Terra estivesse passando por uma mudan\u00e7a metam\u00f3rfica!<\/p>\n\n\n\n<p>Muitos descrevem esta \u00e9poca como um ponto de viragem na hist\u00f3ria humana. Velhos padr\u00f5es e paradigmas n\u00e3o nos servem mais. Estamos sendo chamados a mudar em dire\u00e7\u00e3o a uma maior unidade, paz e conex\u00e3o uns com os outros e com o planeta.<\/p>\n\n\n\n<p>Como ser\u00e1 exatamente este novo cap\u00edtulo da hist\u00f3ria da humanidade? No entanto, para al\u00e9m do caos, muitos sentem a emerg\u00eancia de uma nova compreens\u00e3o \u2013 que partilhamos uma profunda interliga\u00e7\u00e3o com toda a vida na Terra.<\/p>\n\n\n\n<p>Em meio ao desconhecido, far\u00edamos bem em permanecer abertos e curiosos. Esta \u00e9poca de mudan\u00e7a global produzir\u00e1 algo belo que ainda n\u00e3o podemos imaginar. Se abra\u00e7armos esta transi\u00e7\u00e3o com compaix\u00e3o por n\u00f3s mesmos e pelos outros, poderemos olhar para tr\u00e1s, para estes tempos perturbadores, como as dores do nascimento de um novo mundo.<\/p>\n\n\n\n<p>A Grande Mudan\u00e7a:<\/p>\n\n\n\n<p>Durante mil\u00eanios, culturas antigas e tradi\u00e7\u00f5es ind\u00edgenas profetizaram uma mudan\u00e7a monumental na consci\u00eancia humana. Esta \u201cGrande Mudan\u00e7a\u201d, como \u00e9 frequentemente chamada, representa uma transi\u00e7\u00e3o da consci\u00eancia baseada no medo que dominou a humanidade para uma nova era de unidade, paz e percep\u00e7\u00e3o elevada.<\/p>\n\n\n\n<p>De acordo com muitos professores espirituais, a Grande Mudan\u00e7a envolve uma divis\u00e3o dimensional entre densidades de consci\u00eancia. Aqueles que vibram em frequ\u00eancias mais baixas podem continuar a vivenciar a realidade atrav\u00e9s das lentes do medo, da hostilidade e da desconex\u00e3o. Mas aqueles que despertam para as frequ\u00eancias mais altas mudar\u00e3o para um estado ascendido da 5D, caracterizado pelos valores do cora\u00e7\u00e3o \u2013 amor, paz e unidade com toda a vida.<\/p>\n\n\n\n<p>Essa mudan\u00e7a j\u00e1 est\u00e1 em andamento. Vemos isso no desmoronamento de estruturas de poder ultrapassadas, no questionamento de \u201cverdades\u201d estabelecidas e na uni\u00e3o de movimentos sociais. A Grande Mudan\u00e7a tamb\u00e9m pode ser sentida dentro de n\u00f3s nos momentos em que a nossa percep\u00e7\u00e3o se expande e temos um vislumbre do mundo como uma teia interligada, sustentada pela intelig\u00eancia divina.<\/p>\n\n\n\n<p>Embora a Grande Mudan\u00e7a possa parecer avassaladora, n\u00e3o precisamos tem\u00ea-la. As profecias dizem que escolhemos encarnar neste momento especial para ajudar na evolu\u00e7\u00e3o do planeta. Ao elevarmos a nossa pr\u00f3pria consci\u00eancia e ancorarmos a luz, n\u00f3s coletivamente somos parteiros da transi\u00e7\u00e3o da humanidade para um novo estado de ser!<\/p>\n\n\n\n<p>continua<\/p>\n","protected":false},"excerpt":{"rendered":"<p>A\u2019HO Por Aurora Ray A EMERG\u00caNCIA DA CONSCI\u00caNCIA SUPERIOR 28 de agosto de 2023 *Um Novo Amanhecer para a Humanidade!* Pessoas de todos os lugares podem sentir que grandes mudan\u00e7as est\u00e3o acontecendo em todo o mundo neste momento! Embora grandes eventos e movimentos pare\u00e7am perturbar o status quo, h\u00e1 tamb\u00e9m uma sensa\u00e7\u00e3o crescente de que [&hellip;]<\/p>\n","protected":false},"author":1,"featured_media":0,"comment_status":"open","ping_status":"open","sticky":false,"template":"","format":"standard","meta":{"_mi_skip_tracking":false},"categories":[3],"tags":[],"_links":{"self":[{"href":"https:\/\/www.miguelfaccio.com.br\/blog\/index.php\/wp-json\/wp\/v2\/posts\/16893"}],"collection":[{"href":"https:\/\/www.miguelfaccio.com.br\/blog\/index.php\/wp-json\/wp\/v2\/posts"}],"about":[{"href":"https:\/\/www.miguelfaccio.com.br\/blog\/index.php\/wp-json\/wp\/v2\/types\/post"}],"author":[{"embeddable":true,"href":"https:\/\/www.miguelfaccio.com.br\/blog\/index.php\/wp-json\/wp\/v2\/users\/1"}],"replies":[{"embeddable":true,"href":"https:\/\/www.miguelfaccio.com.br\/blog\/index.php\/wp-json\/wp\/v2\/comments?post=16893"}],"version-history":[{"count":1,"href":"https:\/\/www.miguelfaccio.com.br\/blog\/index.php\/wp-json\/wp\/v2\/posts\/16893\/revisions"}],"predecessor-version":[{"id":16894,"href":"https:\/\/www.miguelfaccio.com.br\/blog\/index.php\/wp-json\/wp\/v2\/posts\/16893\/revisions\/16894"}],"wp:attachment":[{"href":"https:\/\/www.miguelfaccio.com.br\/blog\/index.php\/wp-json\/wp\/v2\/media?parent=16893"}],"wp:term":[{"taxonomy":"category","embeddable":true,"href":"https:\/\/www.miguelfaccio.com.br\/blog\/index.php\/wp-json\/wp\/v2\/categories?post=16893"},{"taxonomy":"post_tag","embeddable":true,"href":"https:\/\/www.miguelfaccio.com.br\/blog\/index.php\/wp-json\/wp\/v2\/tags?post=16893"}],"curies":[{"name":"wp","href":"https:\/\/api.w.org\/{rel}","templated":true}]}}