{"id":16885,"date":"2023-11-01T08:25:31","date_gmt":"2023-11-01T11:25:31","guid":{"rendered":"https:\/\/www.miguelfaccio.com.br\/blog\/?p=16885"},"modified":"2023-11-01T08:25:34","modified_gmt":"2023-11-01T11:25:34","slug":"rcd3394-raios-ou-chamas","status":"publish","type":"post","link":"https:\/\/www.miguelfaccio.com.br\/blog\/index.php\/rcd3394-raios-ou-chamas\/","title":{"rendered":"RCD3394 Raios ou Chamas"},"content":{"rendered":"\n<p class=\"has-text-align-right\"><strong>A\u2019HO <br>Por Aurora Ray<\/strong><\/p>\n\n\n\n<p>GUARDI\u00d5ES DA TRANSFORMA\u00c7\u00c3O<\/p>\n\n\n\n<p>continua\u00e7\u00e3o<\/p>\n\n\n\n<p>Na sua infinita sabedoria, a Federa\u00e7\u00e3o Gal\u00e1ctica compreende a import\u00e2ncia da sa\u00fade e do bem-estar hol\u00edsticos. Eles fornecem insights sobre antigas pr\u00e1ticas de cura, trabalho energ\u00e9tico e medicina alternativa.<\/p>\n\n\n\n<p>Atrav\u00e9s da sua orienta\u00e7\u00e3o, desbloqueamos o potencial de autocura, despertando o equil\u00edbrio e a harmonia nos nossos corpos e mentes. Imagine um mundo onde antigos segredos de cura s\u00e3o revelados, oferecendo esperan\u00e7a e renova\u00e7\u00e3o a todos!<\/p>\n\n\n\n<p>Acredita-se que os c\u00edrculos nas planta\u00e7\u00f5es e locais sagrados espalhados por todo o mundo sejam mensagens e impress\u00f5es energ\u00e9ticas deixadas pela Federa\u00e7\u00e3o Gal\u00e1ctica. Estas forma\u00e7\u00f5es intrincadas e locais poderosos cont\u00eam informa\u00e7\u00f5es codificadas que transcendem a nossa compreens\u00e3o.<\/p>\n\n\n\n<p>Eles servem como migalhas c\u00f3smicas, despertando a nossa consci\u00eancia e desencadeando experi\u00eancias transformadoras que desafiam qualquer explica\u00e7\u00e3o. \u00c9 como se estivessem deixando um rastro de ilumina\u00e7\u00e3o para aqueles que desejam explor\u00e1-lo.<\/p>\n\n\n\n<p>Al\u00e9m do tang\u00edvel, a Federa\u00e7\u00e3o fornece orienta\u00e7\u00e3o espiritual, ajudando os indiv\u00edduos e a consci\u00eancia coletiva a despertarem para o seu verdadeiro potencial e prop\u00f3sito. Os seus ensinamentos, infundidos com profunda sabedoria e apoio energ\u00e9tico, servem como far\u00f3is no mar tempestuoso da exist\u00eancia. Eles nos guiam em dire\u00e7\u00e3o \u00e0s margens da autodescoberta e do crescimento espiritual.<\/p>\n\n\n\n<p>Um dos seus pap\u00e9is cruciais \u00e9 proteger a nossa Terra e os seus habitantes contra amea\u00e7as externas. \u00c0 medida que navegamos nas \u00e1guas turbulentas da ascens\u00e3o e transforma\u00e7\u00e3o, a sua presen\u00e7a serve como uma for\u00e7a estabilizadora, preservando o equil\u00edbrio e a harmonia dentro do nosso sistema planet\u00e1rio. Eles s\u00e3o como salva-vidas c\u00f3smicos, garantindo nossa passagem segura atrav\u00e9s da tempestade.<\/p>\n\n\n\n<p>Al\u00e9m disso, a Federa\u00e7\u00e3o auxilia na eleva\u00e7\u00e3o da frequ\u00eancia vibracional da pr\u00f3pria Terra. Atrav\u00e9s de transmiss\u00f5es energ\u00e9ticas que ressoam com frequ\u00eancias mais altas, eles infundem energias transformadoras em nosso planeta. Esta infus\u00e3o acelera o despertar e a transforma\u00e7\u00e3o dos indiv\u00edduos e do coletivo, impulsionando-nos em dire\u00e7\u00e3o a um futuro mais brilhante e harmonioso.<\/p>\n\n\n\n<p>A Federa\u00e7\u00e3o Gal\u00e1ctica colabora estreitamente com indiv\u00edduos despertos conhecidos como Trabalhadores da Luz. Estes indiv\u00edduos servem como pontes entre a sabedoria c\u00f3smica da Federa\u00e7\u00e3o e a consci\u00eancia coletiva da humanidade. Como portadores da tocha do amor, da luz e da sabedoria, eles trabalham em harmonia com a Federa\u00e7\u00e3o para difundir a mensagem da ilumina\u00e7\u00e3o, auxiliando a humanidade no seu processo de ascens\u00e3o.<\/p>\n\n\n\n<p>\u00c9 essencial compreender que o apoio da Federa\u00e7\u00e3o Gal\u00e1ctica nunca infringe o livre arb\u00edtrio da humanidade. Eles respeitam as nossas escolhas individuais e coletivas, permitindo-nos navegar nos nossos caminhos \u00fanicos em dire\u00e7\u00e3o \u00e0 ilumina\u00e7\u00e3o. A sua orienta\u00e7\u00e3o \u00e9 oferecida n\u00e3o como um mandato, mas como um convite amoroso para explorar os reinos ilimitados da consci\u00eancia.<\/p>\n\n\n\n<p>Concluindo, a Federa\u00e7\u00e3o Gal\u00e1ctica representa uma for\u00e7a profunda e misteriosa no nosso universo, uma luz orientadora na nossa jornada de autodescoberta e evolu\u00e7\u00e3o espiritual. Com sabedoria, tecnologia e um profundo amor por todos os seres, eles inspiram-nos a transcender as limita\u00e7\u00f5es da nossa compreens\u00e3o atual e a abra\u00e7ar um futuro cheio de esperan\u00e7a, cura e ilumina\u00e7\u00e3o.<\/p>\n\n\n\n<p>Ao contemplarmos o horizonte c\u00f3smico, somos lembrados de que o universo \u00e9 vasto e que o nosso potencial de crescimento e transforma\u00e7\u00e3o \u00e9 ilimitado!<\/p>\n\n\n\n<p>N\u00f3s os amamos muito.<\/p>\n\n\n\n<p>Estamos aqui com voc\u00eas.<\/p>\n\n\n\n<p>Somos sua fam\u00edlia de Luz.<\/p>\n\n\n\n<p>N\u00f3s somos a Federa\u00e7\u00e3o Gal\u00e1ctica.<\/p>\n\n\n\n<p>A\u2019HO<\/p>\n\n\n\n<p>Aurora Ray<\/p>\n\n\n\n<p>Embaixadora da Federa\u00e7\u00e3o Gal\u00e1ctica<\/p>\n\n\n\n<p>Formata\u00e7\u00e3o e tradu\u00e7\u00e3o \u2013 DE CORA\u00c7\u00c3O A CORA\u00c7\u00c3O<\/p>\n\n\n\n<figure class=\"wp-block-embed\"><div class=\"wp-block-embed__wrapper\">\nhttp:\/\/www.decoracaoacoracao.blog.br\/\n<\/div><\/figure>\n\n\n\n<figure class=\"wp-block-embed\"><div class=\"wp-block-embed__wrapper\">\nhttp:\/\/stelalecocq.blogspot.com\n<\/div><\/figure>\n\n\n\n<figure class=\"wp-block-embed\"><div class=\"wp-block-embed__wrapper\">\nhttps:\/\/lecocq.wordpress.com\n<\/div><\/figure>\n\n\n\n<p>Instagram \u2013 @blogdecoracaoacoracao<\/p>\n\n\n\n<p>Informa\u00e7\u00f5es e Agendamentos para Mesa Qu\u00e2ntica Estelar, Mesa Pet, Mesa Qu\u00e2ntica 2.0, Sistema Regenerador Ashtariano, Apometria C\u00f3smica e Din\u00e2mica \u2013 lecocqmuller@gmail.com<\/p>\n\n\n\n<p>Direitos autorais 2023 Aurora Ray https:\/\/thegalacticfederation.com\/<\/p>\n\n\n\n<p>Respeite todos os cr\u00e9ditos ao compartilhar<\/p>\n\n\n\n<p>LUZ!<\/p>\n\n\n\n<p>STELA<\/p>\n","protected":false},"excerpt":{"rendered":"<p>A\u2019HO Por Aurora Ray GUARDI\u00d5ES DA TRANSFORMA\u00c7\u00c3O continua\u00e7\u00e3o Na sua infinita sabedoria, a Federa\u00e7\u00e3o Gal\u00e1ctica compreende a import\u00e2ncia da sa\u00fade e do bem-estar hol\u00edsticos. Eles fornecem insights sobre antigas pr\u00e1ticas de cura, trabalho energ\u00e9tico e medicina alternativa. Atrav\u00e9s da sua orienta\u00e7\u00e3o, desbloqueamos o potencial de autocura, despertando o equil\u00edbrio e a harmonia nos nossos corpos [&hellip;]<\/p>\n","protected":false},"author":1,"featured_media":0,"comment_status":"open","ping_status":"open","sticky":false,"template":"","format":"standard","meta":{"_mi_skip_tracking":false},"categories":[3],"tags":[],"_links":{"self":[{"href":"https:\/\/www.miguelfaccio.com.br\/blog\/index.php\/wp-json\/wp\/v2\/posts\/16885"}],"collection":[{"href":"https:\/\/www.miguelfaccio.com.br\/blog\/index.php\/wp-json\/wp\/v2\/posts"}],"about":[{"href":"https:\/\/www.miguelfaccio.com.br\/blog\/index.php\/wp-json\/wp\/v2\/types\/post"}],"author":[{"embeddable":true,"href":"https:\/\/www.miguelfaccio.com.br\/blog\/index.php\/wp-json\/wp\/v2\/users\/1"}],"replies":[{"embeddable":true,"href":"https:\/\/www.miguelfaccio.com.br\/blog\/index.php\/wp-json\/wp\/v2\/comments?post=16885"}],"version-history":[{"count":1,"href":"https:\/\/www.miguelfaccio.com.br\/blog\/index.php\/wp-json\/wp\/v2\/posts\/16885\/revisions"}],"predecessor-version":[{"id":16886,"href":"https:\/\/www.miguelfaccio.com.br\/blog\/index.php\/wp-json\/wp\/v2\/posts\/16885\/revisions\/16886"}],"wp:attachment":[{"href":"https:\/\/www.miguelfaccio.com.br\/blog\/index.php\/wp-json\/wp\/v2\/media?parent=16885"}],"wp:term":[{"taxonomy":"category","embeddable":true,"href":"https:\/\/www.miguelfaccio.com.br\/blog\/index.php\/wp-json\/wp\/v2\/categories?post=16885"},{"taxonomy":"post_tag","embeddable":true,"href":"https:\/\/www.miguelfaccio.com.br\/blog\/index.php\/wp-json\/wp\/v2\/tags?post=16885"}],"curies":[{"name":"wp","href":"https:\/\/api.w.org\/{rel}","templated":true}]}}