{"id":16883,"date":"2023-11-01T08:22:28","date_gmt":"2023-11-01T11:22:28","guid":{"rendered":"https:\/\/www.miguelfaccio.com.br\/blog\/?p=16883"},"modified":"2023-11-01T08:22:31","modified_gmt":"2023-11-01T11:22:31","slug":"plv3548-livro-24-diario-26-05-2021","status":"publish","type":"post","link":"https:\/\/www.miguelfaccio.com.br\/blog\/index.php\/plv3548-livro-24-diario-26-05-2021\/","title":{"rendered":"PLV3548 &#8211; Livro 24 &#8211; Di\u00e1rio, 26\/05\/2021"},"content":{"rendered":"\n<p class=\"has-text-align-right\"><strong>26\/05\/2021<\/strong><\/p>\n\n\n\n<p>A migra\u00e7\u00e3o do esp\u00edrito precisa ser sempre para energias mais elevadas. O atraso que acontece, geralmente, \u00e9 por n\u00e3o se ter mantido constante na busca de seu objetivo de evolu\u00e7\u00e3o. Muitas vezes se deixam levar por, digamos assim, desobedi\u00eancias de seu corpo f\u00edsico \u00e0 sua principal tarefa, que \u00e9 ser um bom instrumento para o esp\u00edrito. Quando o corpo determina o que fazer, geralmente segue por caminhos em que fatalmente a responsabilidade recai sobre o esp\u00edrito. Como \u00e9 dif\u00edcil a um consciente f\u00edsico entender que est\u00e1 aqui para ser um instrumento do esp\u00edrito, e quem \u00e9, em realidade, \u00e9 o esp\u00edrito que subsiste pela eternidade, ao passo que o corpo tem seu per\u00edodo de exist\u00eancia limitado. Toda besteira que o \u201ceu f\u00edsico\u201d fizer, recai sobre o \u201ceu espiritual\u201d para resgatar. Sem o esp\u00edrito, n\u00e3o existe corpo. Em vez de esp\u00edrito, vamos chamar de ess\u00eancia, aquela energia que d\u00e1 a vida a todas as coisas, do \u00e1tomo \u00e0 gal\u00e1xia. A ess\u00eancia \u00e9 \u201cDeus em a\u00e7\u00e3o\u201d, \u00e9 por isso que Jesus disse: \u201c<em>V\u00f3s sois Deuses<\/em>\u201d. A grande realidade que a humanidade tem dificuldade de intelectualizar \u00e9 que somos realmente Deuses, mas em evolu\u00e7\u00e3o, porque a energia que nos anima \u00e9 a mesma energia do Deus Uno Pai\/M\u00e3e. Mesmo sendo uma part\u00edcula, somos Deuses, e temos uma eternidade at\u00e9 estarmos plenos, evolu\u00eddos e criando e recriando o universo, porque ele \u00e9 din\u00e2mico. A migra\u00e7\u00e3o do esp\u00edrito, da ess\u00eancia, precisa nos levar a isso.<\/p>\n","protected":false},"excerpt":{"rendered":"<p>26\/05\/2021 A migra\u00e7\u00e3o do esp\u00edrito precisa ser sempre para energias mais elevadas. O atraso que acontece, geralmente, \u00e9 por n\u00e3o se ter mantido constante na busca de seu objetivo de evolu\u00e7\u00e3o. Muitas vezes se deixam levar por, digamos assim, desobedi\u00eancias de seu corpo f\u00edsico \u00e0 sua principal tarefa, que \u00e9 ser um bom instrumento para [&hellip;]<\/p>\n","protected":false},"author":1,"featured_media":0,"comment_status":"open","ping_status":"open","sticky":false,"template":"","format":"standard","meta":{"_mi_skip_tracking":false},"categories":[30],"tags":[],"_links":{"self":[{"href":"https:\/\/www.miguelfaccio.com.br\/blog\/index.php\/wp-json\/wp\/v2\/posts\/16883"}],"collection":[{"href":"https:\/\/www.miguelfaccio.com.br\/blog\/index.php\/wp-json\/wp\/v2\/posts"}],"about":[{"href":"https:\/\/www.miguelfaccio.com.br\/blog\/index.php\/wp-json\/wp\/v2\/types\/post"}],"author":[{"embeddable":true,"href":"https:\/\/www.miguelfaccio.com.br\/blog\/index.php\/wp-json\/wp\/v2\/users\/1"}],"replies":[{"embeddable":true,"href":"https:\/\/www.miguelfaccio.com.br\/blog\/index.php\/wp-json\/wp\/v2\/comments?post=16883"}],"version-history":[{"count":1,"href":"https:\/\/www.miguelfaccio.com.br\/blog\/index.php\/wp-json\/wp\/v2\/posts\/16883\/revisions"}],"predecessor-version":[{"id":16884,"href":"https:\/\/www.miguelfaccio.com.br\/blog\/index.php\/wp-json\/wp\/v2\/posts\/16883\/revisions\/16884"}],"wp:attachment":[{"href":"https:\/\/www.miguelfaccio.com.br\/blog\/index.php\/wp-json\/wp\/v2\/media?parent=16883"}],"wp:term":[{"taxonomy":"category","embeddable":true,"href":"https:\/\/www.miguelfaccio.com.br\/blog\/index.php\/wp-json\/wp\/v2\/categories?post=16883"},{"taxonomy":"post_tag","embeddable":true,"href":"https:\/\/www.miguelfaccio.com.br\/blog\/index.php\/wp-json\/wp\/v2\/tags?post=16883"}],"curies":[{"name":"wp","href":"https:\/\/api.w.org\/{rel}","templated":true}]}}