{"id":16881,"date":"2023-10-31T09:46:59","date_gmt":"2023-10-31T12:46:59","guid":{"rendered":"https:\/\/www.miguelfaccio.com.br\/blog\/?p=16881"},"modified":"2023-10-31T09:47:02","modified_gmt":"2023-10-31T12:47:02","slug":"rcd3393-raios-ou-chamas","status":"publish","type":"post","link":"https:\/\/www.miguelfaccio.com.br\/blog\/index.php\/rcd3393-raios-ou-chamas\/","title":{"rendered":"RCD3393 Raios ou Chamas"},"content":{"rendered":"\n<p class=\"has-text-align-right\"><strong>A\u2019HO <br>Por Aurora Ray<\/strong><\/p>\n\n\n\n<p>GUARDI\u00d5ES DA TRANSFORMA\u00c7\u00c3O<\/p>\n\n\n\n<p>29 de outubro de 2023<\/p>\n\n\n\n<p>*O Papel da Federa\u00e7\u00e3o Gal\u00e1ctica na Nossa Evolu\u00e7\u00e3o*<\/p>\n\n\n\n<p>A Federa\u00e7\u00e3o Gal\u00e1ctica, muitas vezes envolta em mist\u00e9rio e intriga, representa um conjunto extraordin\u00e1rio de civiliza\u00e7\u00f5es avan\u00e7adas de v\u00e1rios cantos do universo! Esses seres celestiais possuem uma ilumina\u00e7\u00e3o que transcende a nossa compreens\u00e3o atual da exist\u00eancia.<\/p>\n\n\n\n<p>No centro da sua miss\u00e3o reside um profundo compromisso de guiar e nutrir civiliza\u00e7\u00f5es como a nossa na jornada da ilumina\u00e7\u00e3o espiritual, da evolu\u00e7\u00e3o tecnol\u00f3gica e do crescimento intelectual.<\/p>\n\n\n\n<p>Imagine-os como mentores c\u00f3smicos, guardi\u00f5es benevolentes do despertar espiritual da humanidade. Eles oferecem ensinamentos antigos e atemporais, enfatizando as virtudes da autorreflex\u00e3o, da compaix\u00e3o e da busca por uma consci\u00eancia superior.<\/p>\n\n\n\n<p>Atrav\u00e9s da canaliza\u00e7\u00e3o e da comunica\u00e7\u00e3o telep\u00e1tica, eles transmitem insights sobre a interconex\u00e3o de todas as formas de vida e o profundo significado da unidade e do amor.<\/p>\n\n\n\n<p>Ao longo dos anais da hist\u00f3ria, indiv\u00edduos de todas as esferas da vida relataram encontros not\u00e1veis \u200b\u200bcom seres extraterrestres associados \u00e0 Federa\u00e7\u00e3o Gal\u00e1ctica. Estes encontros servem frequentemente como catalisadores para a transforma\u00e7\u00e3o pessoal e coletiva, expandindo a nossa compreens\u00e3o do vasto cosmos e do nosso lugar dentro dele.<\/p>\n\n\n\n<p>Estas experi\u00eancias extraordin\u00e1rias s\u00e3o como p\u00e1ginas arrancadas de um romance de fic\u00e7\u00e3o cient\u00edfica, mas convidam-nos a reavaliar as nossas percep\u00e7\u00f5es da realidade.<\/p>\n\n\n\n<p>Uma das facetas mais surpreendentes da Federa\u00e7\u00e3o Gal\u00e1ctica \u00e9 a sua not\u00e1vel capacidade tecnol\u00f3gica. O seu conhecimento ultrapassa em muito as nossas capacidades atuais e eles partilham generosamente a sua sabedoria conosco.<\/p>\n\n\n\n<p>Ao faz\u00ea-lo, aceleram o nosso progresso em v\u00e1rios dom\u00ednios, desde solu\u00e7\u00f5es energ\u00e9ticas sustent\u00e1veis \u200b\u200bque podem alimentar o nosso planeta sem o prejudicar, at\u00e9 descobertas m\u00e9dicas inovadoras que oferecem esperan\u00e7a e cura. Esses guias extraterrestres s\u00e3o como inventores c\u00f3smicos, ajudando-nos a construir um futuro melhor.<\/p>\n\n\n\n<p>Mas o amor e o apoio deles v\u00e3o muito al\u00e9m do dom\u00ednio da tecnologia. Eles s\u00e3o administradores da nossa Terra e campe\u00f5es da preserva\u00e7\u00e3o ambiental. Com muito cuidado, defendem pr\u00e1ticas ecol\u00f3gicas e defendem a salvaguarda dos delicados ecossistemas do nosso planeta.<\/p>\n\n\n\n<p>Ao partilharem m\u00e9todos avan\u00e7ados de agricultura sustent\u00e1vel e energia limpa, guiam-nos para uma coexist\u00eancia harmoniosa com o mundo natural. \u00c9 como se eles fossem os protetores da Terra, sussurrando segredos de harmonia e equil\u00edbrio aos nossos ouvidos.<\/p>\n\n\n\n<p>continua<\/p>\n","protected":false},"excerpt":{"rendered":"<p>A\u2019HO Por Aurora Ray GUARDI\u00d5ES DA TRANSFORMA\u00c7\u00c3O 29 de outubro de 2023 *O Papel da Federa\u00e7\u00e3o Gal\u00e1ctica na Nossa Evolu\u00e7\u00e3o* A Federa\u00e7\u00e3o Gal\u00e1ctica, muitas vezes envolta em mist\u00e9rio e intriga, representa um conjunto extraordin\u00e1rio de civiliza\u00e7\u00f5es avan\u00e7adas de v\u00e1rios cantos do universo! Esses seres celestiais possuem uma ilumina\u00e7\u00e3o que transcende a nossa compreens\u00e3o atual da [&hellip;]<\/p>\n","protected":false},"author":1,"featured_media":0,"comment_status":"open","ping_status":"open","sticky":false,"template":"","format":"standard","meta":{"_mi_skip_tracking":false},"categories":[3],"tags":[],"_links":{"self":[{"href":"https:\/\/www.miguelfaccio.com.br\/blog\/index.php\/wp-json\/wp\/v2\/posts\/16881"}],"collection":[{"href":"https:\/\/www.miguelfaccio.com.br\/blog\/index.php\/wp-json\/wp\/v2\/posts"}],"about":[{"href":"https:\/\/www.miguelfaccio.com.br\/blog\/index.php\/wp-json\/wp\/v2\/types\/post"}],"author":[{"embeddable":true,"href":"https:\/\/www.miguelfaccio.com.br\/blog\/index.php\/wp-json\/wp\/v2\/users\/1"}],"replies":[{"embeddable":true,"href":"https:\/\/www.miguelfaccio.com.br\/blog\/index.php\/wp-json\/wp\/v2\/comments?post=16881"}],"version-history":[{"count":1,"href":"https:\/\/www.miguelfaccio.com.br\/blog\/index.php\/wp-json\/wp\/v2\/posts\/16881\/revisions"}],"predecessor-version":[{"id":16882,"href":"https:\/\/www.miguelfaccio.com.br\/blog\/index.php\/wp-json\/wp\/v2\/posts\/16881\/revisions\/16882"}],"wp:attachment":[{"href":"https:\/\/www.miguelfaccio.com.br\/blog\/index.php\/wp-json\/wp\/v2\/media?parent=16881"}],"wp:term":[{"taxonomy":"category","embeddable":true,"href":"https:\/\/www.miguelfaccio.com.br\/blog\/index.php\/wp-json\/wp\/v2\/categories?post=16881"},{"taxonomy":"post_tag","embeddable":true,"href":"https:\/\/www.miguelfaccio.com.br\/blog\/index.php\/wp-json\/wp\/v2\/tags?post=16881"}],"curies":[{"name":"wp","href":"https:\/\/api.w.org\/{rel}","templated":true}]}}