{"id":16879,"date":"2023-10-31T09:43:32","date_gmt":"2023-10-31T12:43:32","guid":{"rendered":"https:\/\/www.miguelfaccio.com.br\/blog\/?p=16879"},"modified":"2023-10-31T09:43:33","modified_gmt":"2023-10-31T12:43:33","slug":"plv3547-livro-24-diario-25-05-2021","status":"publish","type":"post","link":"https:\/\/www.miguelfaccio.com.br\/blog\/index.php\/plv3547-livro-24-diario-25-05-2021\/","title":{"rendered":"PLV3547 &#8211; Livro 24 &#8211; Di\u00e1rio, 25\/05\/2021"},"content":{"rendered":"\n<p class=\"has-text-align-right\"><strong>25\/05\/2021<\/strong><\/p>\n\n\n\n<p>O que sabemos de nossa vida? Propriamente nada. A fra\u00e7\u00e3o desta encarna\u00e7\u00e3o \u00e9 t\u00e3o pequena que n\u00e3o nos d\u00e1, sequer, a consci\u00eancia de nossa identidade, de quem eu sou. Enquanto n\u00e3o estivermos evolu\u00eddos espiritualmente, para nosso consciente seremos apenas um ponto de interroga\u00e7\u00e3o e sem respostas. O tempo anterior a esse parco tempo de nossa encarna\u00e7\u00e3o est\u00e1 escondido no mais profundo de nossa individualidade. Talvez nos seja revelado quando conseguirmos alcan\u00e7ar a mestria, de onde teremos a percep\u00e7\u00e3o do universo. \u00c9 por isso que precisamos constantemente buscar nossa evolu\u00e7\u00e3o, porque mesmo o esp\u00edrito ainda vivendo na terceira dimens\u00e3o n\u00e3o tem a consci\u00eancia de sua universalidade, precisando sempre de aux\u00edlio para p\u00f4r-se dentro do conhecimento de si pr\u00f3prio, da sua unidade com quem est\u00e1 pr\u00f3ximo e depois sua unidade com o universo, de onde \u00e9 uma part\u00edcula e que est\u00e1 inserida dentro do todo. Essa consci\u00eancia de sua individualidade universal s\u00f3 vem ap\u00f3s muito exerc\u00edcio de intelectualizar conhecimentos, experienci\u00e1-los e fix\u00e1-los em seu ser. A evolu\u00e7\u00e3o \u00e9 a soma de conhecimentos intelectualizadas, experienciados e fixados. Para isso, necessita o ser escolher e lutar por essa escolha que fez. A escolha \u00e9 sempre sinal de que se fixou um objetivo e se est\u00e1 sempre atento a ele. Assim, aos poucos, se consegue abranger um limite maior de nossa identidade consciente. Nada se consegue de gra\u00e7a.<\/p>\n","protected":false},"excerpt":{"rendered":"<p>25\/05\/2021 O que sabemos de nossa vida? Propriamente nada. A fra\u00e7\u00e3o desta encarna\u00e7\u00e3o \u00e9 t\u00e3o pequena que n\u00e3o nos d\u00e1, sequer, a consci\u00eancia de nossa identidade, de quem eu sou. Enquanto n\u00e3o estivermos evolu\u00eddos espiritualmente, para nosso consciente seremos apenas um ponto de interroga\u00e7\u00e3o e sem respostas. O tempo anterior a esse parco tempo de [&hellip;]<\/p>\n","protected":false},"author":1,"featured_media":0,"comment_status":"open","ping_status":"open","sticky":false,"template":"","format":"standard","meta":{"_mi_skip_tracking":false},"categories":[30],"tags":[],"_links":{"self":[{"href":"https:\/\/www.miguelfaccio.com.br\/blog\/index.php\/wp-json\/wp\/v2\/posts\/16879"}],"collection":[{"href":"https:\/\/www.miguelfaccio.com.br\/blog\/index.php\/wp-json\/wp\/v2\/posts"}],"about":[{"href":"https:\/\/www.miguelfaccio.com.br\/blog\/index.php\/wp-json\/wp\/v2\/types\/post"}],"author":[{"embeddable":true,"href":"https:\/\/www.miguelfaccio.com.br\/blog\/index.php\/wp-json\/wp\/v2\/users\/1"}],"replies":[{"embeddable":true,"href":"https:\/\/www.miguelfaccio.com.br\/blog\/index.php\/wp-json\/wp\/v2\/comments?post=16879"}],"version-history":[{"count":1,"href":"https:\/\/www.miguelfaccio.com.br\/blog\/index.php\/wp-json\/wp\/v2\/posts\/16879\/revisions"}],"predecessor-version":[{"id":16880,"href":"https:\/\/www.miguelfaccio.com.br\/blog\/index.php\/wp-json\/wp\/v2\/posts\/16879\/revisions\/16880"}],"wp:attachment":[{"href":"https:\/\/www.miguelfaccio.com.br\/blog\/index.php\/wp-json\/wp\/v2\/media?parent=16879"}],"wp:term":[{"taxonomy":"category","embeddable":true,"href":"https:\/\/www.miguelfaccio.com.br\/blog\/index.php\/wp-json\/wp\/v2\/categories?post=16879"},{"taxonomy":"post_tag","embeddable":true,"href":"https:\/\/www.miguelfaccio.com.br\/blog\/index.php\/wp-json\/wp\/v2\/tags?post=16879"}],"curies":[{"name":"wp","href":"https:\/\/api.w.org\/{rel}","templated":true}]}}