{"id":16877,"date":"2023-10-30T08:38:54","date_gmt":"2023-10-30T11:38:54","guid":{"rendered":"https:\/\/www.miguelfaccio.com.br\/blog\/?p=16877"},"modified":"2023-10-30T08:38:57","modified_gmt":"2023-10-30T11:38:57","slug":"rcd3392-raios-ou-chamas","status":"publish","type":"post","link":"https:\/\/www.miguelfaccio.com.br\/blog\/index.php\/rcd3392-raios-ou-chamas\/","title":{"rendered":"RCD3392 Raios ou Chamas"},"content":{"rendered":"\n<p class=\"has-text-align-right\"><strong>MENSAGENS DE JAV\u00e9<\/strong><\/p>\n\n\n\n<p>Nova mensagem&nbsp; marcio Ontem \u00e0(s) 18:20<\/p>\n\n\n\n<p>O momento n\u00e3o \u00e9 propicio para se falar em aquecimento global.<\/p>\n\n\n\n<p>Insisto em dizer que estas guerras n\u00e3o representam o fim do mundo.<\/p>\n\n\n\n<p>Digo mais, sempre houve guerras entre na\u00e7\u00f5es, reinos e tribos.<\/p>\n\n\n\n<p>Mas para voc\u00eas \u00e9 o suficiente para colocar o aquecimento global em segundo plano.<\/p>\n\n\n\n<p>Na risca digo que j\u00e1 est\u00e1 tudo feito, a prova foi esta seca na Amazonia.<\/p>\n\n\n\n<p>Continuarei cooperando com voc\u00eas a fim de minimizar o sofrimento desta gente humilde.<\/p>\n\n\n\n<p>Seguirei com meus trabalhos.<\/p>\n\n\n\n<p>A tolice que voc\u00eas fizeram confiando em cientistas despreparados que sempre afirmaram que o planeta era muito grande para sofrer com a influencia do homem sobre o planeta.<\/p>\n\n\n\n<p>Estavam todos errados e as consequ\u00eancias est\u00e3o a\u00ed para todos verem.<\/p>\n\n\n\n<p>Respeitoso eu sou e sempre serei, seja quem for que venha de outro planeta ou daqui mesmo falar comigo sempre ser\u00e1 recebido de forma respeitosa.<\/p>\n\n\n\n<p>Mas n\u00e3o confundam respeito com \u201cde acordo\u201d.<\/p>\n\n\n\n<p>Se tiver que falar a verdade para voc\u00eas eu sempre falarei.<\/p>\n\n\n\n<p>Ate porque que Deus sou eu se faltar com a verdade para voc\u00eas.<\/p>\n\n\n\n<p>Obedecerei a minha consci\u00eancia e continuarei falando a verdade.<\/p>\n\n\n\n<p>O pre\u00e7o que voc\u00eas j\u00e1 est\u00e3o pagando \u00e9 caro e conforme o tempo vai passando mais dif\u00edcil vai ficando.<\/p>\n\n\n\n<p>As condi\u00e7\u00f5es clim\u00e1ticas atingem os mais pobres.<\/p>\n\n\n\n<p>Confiem em mim, mas decis\u00e3o dif\u00edcil terei que decidir em breve.<\/p>\n\n\n\n<p>Fiquem na paz.<\/p>\n\n\n\n<p>JAV\u00e9<\/p>\n","protected":false},"excerpt":{"rendered":"<p>MENSAGENS DE JAV\u00e9 Nova mensagem&nbsp; marcio Ontem \u00e0(s) 18:20 O momento n\u00e3o \u00e9 propicio para se falar em aquecimento global. Insisto em dizer que estas guerras n\u00e3o representam o fim do mundo. Digo mais, sempre houve guerras entre na\u00e7\u00f5es, reinos e tribos. Mas para voc\u00eas \u00e9 o suficiente para colocar o aquecimento global em segundo [&hellip;]<\/p>\n","protected":false},"author":1,"featured_media":0,"comment_status":"open","ping_status":"open","sticky":false,"template":"","format":"standard","meta":{"_mi_skip_tracking":false},"categories":[3],"tags":[],"_links":{"self":[{"href":"https:\/\/www.miguelfaccio.com.br\/blog\/index.php\/wp-json\/wp\/v2\/posts\/16877"}],"collection":[{"href":"https:\/\/www.miguelfaccio.com.br\/blog\/index.php\/wp-json\/wp\/v2\/posts"}],"about":[{"href":"https:\/\/www.miguelfaccio.com.br\/blog\/index.php\/wp-json\/wp\/v2\/types\/post"}],"author":[{"embeddable":true,"href":"https:\/\/www.miguelfaccio.com.br\/blog\/index.php\/wp-json\/wp\/v2\/users\/1"}],"replies":[{"embeddable":true,"href":"https:\/\/www.miguelfaccio.com.br\/blog\/index.php\/wp-json\/wp\/v2\/comments?post=16877"}],"version-history":[{"count":1,"href":"https:\/\/www.miguelfaccio.com.br\/blog\/index.php\/wp-json\/wp\/v2\/posts\/16877\/revisions"}],"predecessor-version":[{"id":16878,"href":"https:\/\/www.miguelfaccio.com.br\/blog\/index.php\/wp-json\/wp\/v2\/posts\/16877\/revisions\/16878"}],"wp:attachment":[{"href":"https:\/\/www.miguelfaccio.com.br\/blog\/index.php\/wp-json\/wp\/v2\/media?parent=16877"}],"wp:term":[{"taxonomy":"category","embeddable":true,"href":"https:\/\/www.miguelfaccio.com.br\/blog\/index.php\/wp-json\/wp\/v2\/categories?post=16877"},{"taxonomy":"post_tag","embeddable":true,"href":"https:\/\/www.miguelfaccio.com.br\/blog\/index.php\/wp-json\/wp\/v2\/tags?post=16877"}],"curies":[{"name":"wp","href":"https:\/\/api.w.org\/{rel}","templated":true}]}}