{"id":16875,"date":"2023-10-30T08:36:35","date_gmt":"2023-10-30T11:36:35","guid":{"rendered":"https:\/\/www.miguelfaccio.com.br\/blog\/?p=16875"},"modified":"2023-10-30T08:36:50","modified_gmt":"2023-10-30T11:36:50","slug":"plv3546-livro-24-diario-24-05-2021","status":"publish","type":"post","link":"https:\/\/www.miguelfaccio.com.br\/blog\/index.php\/plv3546-livro-24-diario-24-05-2021\/","title":{"rendered":"PLV3546 &#8211; Livro 24 &#8211; Di\u00e1rio, 24\/05\/2021"},"content":{"rendered":"\n<p class=\"has-text-align-right\"><strong>24\/05 2021<\/strong><\/p>\n\n\n\n<p>O exerc\u00edcio da virtude tem que ser constante. N\u00e3o se pode ser virtuoso em certos momentos determinados. Se \u00e9 ou n\u00e3o se \u00e9 virtuoso. A virtude ela precisa ser sempre alimentada. Se ela n\u00e3o estiver sempre presente em n\u00f3s, \u00e9 porque ainda somos dominados pelo ego e pelo orgulho. Esses s\u00e3o inimigos da virtude. O ego e o orgulho arrastam tudo para si, ao passo que a virtude distribui tudo a todos. \u00c9 at\u00e9 dif\u00edcil escrever sobre a virtude, porque seu leque de atua\u00e7\u00e3o abrange tudo o que se relaciona com a natureza. Como pode ser virtuoso quem desd\u00e9m dos animais? Isso tamb\u00e9m se aplica aos humanos. A virtude \u00e9 o caminho inicial da consci\u00eancia universal, \u201cSomos todos um\u201d. Essa consci\u00eancia vai se implantando no mesmo ritmo que o exerc\u00edcio da virtude, essa virtude que limpa o cora\u00e7\u00e3o, a mente e os pensamentos dos humanos, porque \u00e9 no pensamento que inicia a virtude, como tamb\u00e9m o ego e o orgulho. \u00c9 no pensamento que se criam as pedras e os espinhos de nosso caminho. \u00c9 tamb\u00e9m ali que inicia o ressarcimento desses deslizes humanos, que trazem tanta dor e sofrimento, n\u00e3o s\u00f3 \u00e0 individualidade, mas para a coletividade onde convivem. Os carmas, embora sejam individuais, respingam sempre, e especialmente, nos familiares, pois geralmente fazem parte do resgate, porque quase sempre t\u00eam uma liga\u00e7\u00e3o com eles. A virtude sempre trar\u00e1 for\u00e7a e coragem para vencer esses resqu\u00edcios do passado, ao mesmo tempo em que limpa o futuro tamb\u00e9m.<\/p>\n","protected":false},"excerpt":{"rendered":"<p>24\/05 2021 O exerc\u00edcio da virtude tem que ser constante. N\u00e3o se pode ser virtuoso em certos momentos determinados. Se \u00e9 ou n\u00e3o se \u00e9 virtuoso. A virtude ela precisa ser sempre alimentada. Se ela n\u00e3o estiver sempre presente em n\u00f3s, \u00e9 porque ainda somos dominados pelo ego e pelo orgulho. Esses s\u00e3o inimigos da [&hellip;]<\/p>\n","protected":false},"author":1,"featured_media":0,"comment_status":"open","ping_status":"open","sticky":false,"template":"","format":"standard","meta":{"_mi_skip_tracking":false},"categories":[30],"tags":[],"_links":{"self":[{"href":"https:\/\/www.miguelfaccio.com.br\/blog\/index.php\/wp-json\/wp\/v2\/posts\/16875"}],"collection":[{"href":"https:\/\/www.miguelfaccio.com.br\/blog\/index.php\/wp-json\/wp\/v2\/posts"}],"about":[{"href":"https:\/\/www.miguelfaccio.com.br\/blog\/index.php\/wp-json\/wp\/v2\/types\/post"}],"author":[{"embeddable":true,"href":"https:\/\/www.miguelfaccio.com.br\/blog\/index.php\/wp-json\/wp\/v2\/users\/1"}],"replies":[{"embeddable":true,"href":"https:\/\/www.miguelfaccio.com.br\/blog\/index.php\/wp-json\/wp\/v2\/comments?post=16875"}],"version-history":[{"count":1,"href":"https:\/\/www.miguelfaccio.com.br\/blog\/index.php\/wp-json\/wp\/v2\/posts\/16875\/revisions"}],"predecessor-version":[{"id":16876,"href":"https:\/\/www.miguelfaccio.com.br\/blog\/index.php\/wp-json\/wp\/v2\/posts\/16875\/revisions\/16876"}],"wp:attachment":[{"href":"https:\/\/www.miguelfaccio.com.br\/blog\/index.php\/wp-json\/wp\/v2\/media?parent=16875"}],"wp:term":[{"taxonomy":"category","embeddable":true,"href":"https:\/\/www.miguelfaccio.com.br\/blog\/index.php\/wp-json\/wp\/v2\/categories?post=16875"},{"taxonomy":"post_tag","embeddable":true,"href":"https:\/\/www.miguelfaccio.com.br\/blog\/index.php\/wp-json\/wp\/v2\/tags?post=16875"}],"curies":[{"name":"wp","href":"https:\/\/api.w.org\/{rel}","templated":true}]}}