{"id":16871,"date":"2023-10-29T08:51:40","date_gmt":"2023-10-29T11:51:40","guid":{"rendered":"https:\/\/www.miguelfaccio.com.br\/blog\/?p=16871"},"modified":"2023-10-29T08:51:44","modified_gmt":"2023-10-29T11:51:44","slug":"plv3545-livro-24-diario-23-05-2021","status":"publish","type":"post","link":"https:\/\/www.miguelfaccio.com.br\/blog\/index.php\/plv3545-livro-24-diario-23-05-2021\/","title":{"rendered":"PLV3545 &#8211; Livro 24 &#8211; Di\u00e1rio, 23\/05\/2021"},"content":{"rendered":"\n<p class=\"has-text-align-right\"><strong>23\/05\/2021<\/strong><\/p>\n\n\n\n<p>Tudo o que temos na vida est\u00e1 escondido dentro deste boneco de barro. Tudo o que temos na vida \u00e9 nossa ess\u00eancia, \u00e9 a part\u00edcula Divina que paulatinamente est\u00e1 se desenvolvendo at\u00e9 alcan\u00e7ar sua plena luz, que chamamos de mestria. Essa ess\u00eancia que est\u00e1 dentro de n\u00f3s j\u00e1 percorreu gal\u00e1xias e gal\u00e1xias, no planeta que melhor apresentasse a energia equ\u00e2nime como a nossa. Ali, experienciamos os conhecimentos poss\u00edveis \u00e0 evolu\u00e7\u00e3o que apresent\u00e1vamos \u00e0 \u00e9poca. A cada evolu\u00e7\u00e3o, busc\u00e1vamos novo planeta que viria com novos conhecimentos liberados do nosso DNA e nos apresentava novas condi\u00e7\u00f5es evolutivas. Hoje, estamos terr\u00e1queos j\u00e1 com um p\u00e9 na quinta dimens\u00e3o. \u00c9 preciso que se entenda que, ap\u00f3s nossa individualiza\u00e7\u00e3o de uma part\u00edcula Divina, fomos locados, cuidados, alimentados como crian\u00e7as rec\u00e9m-nascidas, na primeira dimens\u00e3o. Por quanto tempo? S\u00f3 Deus o sabe. Depois, evolu\u00edmos para segunda dimens\u00e3o, onde iniciamos a experiencia\u00e7\u00e3o dos primeiros conhecimentos da vida, da ess\u00eancia que estava iniciando a descobrir o pr\u00f3prio universo. Quanto tempo estivemos ali? S\u00f3 Deus o sabe. Evolu\u00edmos e alcan\u00e7amos a terceira dimens\u00e3o, onde, tamb\u00e9m por quanto tempo estivemos aqui? S\u00f3 Deus o sabe. Agora, ap\u00f3s tantos conhecimentos e experiencia\u00e7\u00f5es, estamos aptos a galgar mais uma oitava evolutiva, a quinta dimens\u00e3o, que deixa para tr\u00e1s as provas e expia\u00e7\u00f5es, para lan\u00e7ar-se inteiro na regenera\u00e7\u00e3o, onde o universo n\u00e3o ser\u00e1 mais empecilho, mas um aliado, nos dando asas para voar.<\/p>\n","protected":false},"excerpt":{"rendered":"<p>23\/05\/2021 Tudo o que temos na vida est\u00e1 escondido dentro deste boneco de barro. Tudo o que temos na vida \u00e9 nossa ess\u00eancia, \u00e9 a part\u00edcula Divina que paulatinamente est\u00e1 se desenvolvendo at\u00e9 alcan\u00e7ar sua plena luz, que chamamos de mestria. Essa ess\u00eancia que est\u00e1 dentro de n\u00f3s j\u00e1 percorreu gal\u00e1xias e gal\u00e1xias, no planeta [&hellip;]<\/p>\n","protected":false},"author":1,"featured_media":0,"comment_status":"open","ping_status":"open","sticky":false,"template":"","format":"standard","meta":{"_mi_skip_tracking":false},"categories":[30],"tags":[],"_links":{"self":[{"href":"https:\/\/www.miguelfaccio.com.br\/blog\/index.php\/wp-json\/wp\/v2\/posts\/16871"}],"collection":[{"href":"https:\/\/www.miguelfaccio.com.br\/blog\/index.php\/wp-json\/wp\/v2\/posts"}],"about":[{"href":"https:\/\/www.miguelfaccio.com.br\/blog\/index.php\/wp-json\/wp\/v2\/types\/post"}],"author":[{"embeddable":true,"href":"https:\/\/www.miguelfaccio.com.br\/blog\/index.php\/wp-json\/wp\/v2\/users\/1"}],"replies":[{"embeddable":true,"href":"https:\/\/www.miguelfaccio.com.br\/blog\/index.php\/wp-json\/wp\/v2\/comments?post=16871"}],"version-history":[{"count":1,"href":"https:\/\/www.miguelfaccio.com.br\/blog\/index.php\/wp-json\/wp\/v2\/posts\/16871\/revisions"}],"predecessor-version":[{"id":16872,"href":"https:\/\/www.miguelfaccio.com.br\/blog\/index.php\/wp-json\/wp\/v2\/posts\/16871\/revisions\/16872"}],"wp:attachment":[{"href":"https:\/\/www.miguelfaccio.com.br\/blog\/index.php\/wp-json\/wp\/v2\/media?parent=16871"}],"wp:term":[{"taxonomy":"category","embeddable":true,"href":"https:\/\/www.miguelfaccio.com.br\/blog\/index.php\/wp-json\/wp\/v2\/categories?post=16871"},{"taxonomy":"post_tag","embeddable":true,"href":"https:\/\/www.miguelfaccio.com.br\/blog\/index.php\/wp-json\/wp\/v2\/tags?post=16871"}],"curies":[{"name":"wp","href":"https:\/\/api.w.org\/{rel}","templated":true}]}}