{"id":16865,"date":"2023-10-27T08:31:17","date_gmt":"2023-10-27T11:31:17","guid":{"rendered":"https:\/\/www.miguelfaccio.com.br\/blog\/?p=16865"},"modified":"2023-10-27T08:31:20","modified_gmt":"2023-10-27T11:31:20","slug":"rcd3389-raios-ou-chamas","status":"publish","type":"post","link":"https:\/\/www.miguelfaccio.com.br\/blog\/index.php\/rcd3389-raios-ou-chamas\/","title":{"rendered":"RCD3389 Raios ou Chamas"},"content":{"rendered":"\n<p class=\"has-text-align-right\"><strong>Adamus Saint Germain <br>Atrav\u00e9s de Geoffrey Hoppe<\/strong><\/p>\n\n\n\n<p>A RESPIRA\u00c7\u00c3O DO RECEBER<\/p>\n\n\n\n<p>Respiremos juntos profundamente\u2026 Comecemos com A Respira\u00e7\u00e3o do Receber\u2026 A Respira\u00e7\u00e3o do Receber\u2026 Algo que encorajo a todos que fa\u00e7am como sua primeira a\u00e7\u00e3o pela manh\u00e3 e tamb\u00e9m a \u00faltima coisa do dia \u2013 ou seja \u2013 uma das coisas mais f\u00e1ceis que voc\u00eas podem fazer.<\/p>\n\n\n\n<p>A Respira\u00e7\u00e3o do Receber n\u00e3o \u00e9 algo for\u00e7ado, mas uma escolha. No momento em que a realizam, abrem-se a si mesmos para todas as d\u00e1divas que a Terra f\u00edsica, o universo f\u00edsico, os c\u00e9us e todas as dimens\u00f5es t\u00eam a oferecer, abrindo-se tamb\u00e9m todos os caminhos e corredores dimensionais, de forma que as energias, a consci\u00eancia e ent\u00e3o todos os aspectos e elementos espec\u00edficos possam chegar at\u00e9 voc\u00eas para lhes servirem.<\/p>\n\n\n\n<p>E n\u00e3o deve haver qualquer esfor\u00e7o, mas t\u00e3o somente uma simples respira\u00e7\u00e3o consciente \u2013 ou v\u00e1rias \u2013 se assim preferirem. N\u00e3o h\u00e1 nada a suplicar\u2026 nem t\u00e9cnica com a qual se preocuparem. Ela deve brotar do cora\u00e7\u00e3o\u2026<\/p>\n\n\n\n<p>No instante em que iniciam a Respira\u00e7\u00e3o do Receber, come\u00e7a tamb\u00e9m um processo surpreendente num alto n\u00edvel de consci\u00eancia \u2013 multidimensional, interno e pessoal \u2013 no qual voc\u00eas se abrem, o que se d\u00e1 na forma da pr\u00f3pria Consci\u00eancia, talvez a mais elevada forma de qualquer coisa\u2026<\/p>\n\n\n\n<p>Mais uma vez, lembrem-se de que a Consci\u00eancia em si mesma n\u00e3o \u00e9 energia\u2026<\/p>\n\n\n\n<p>A Consci\u00eancia trabalha com a energia.<\/p>\n\n\n\n<p>A Consci\u00eancia \u00e9 a mestra da energia.<\/p>\n\n\n\n<p>A Consci\u00eancia ajuda a estimular a energia, dormente em estado neutro, aguardando suas ordens\u2026<\/p>\n\n\n\n<p>A Respira\u00e7\u00e3o do Receber ativa todas as energias, trabalhando a partir da pr\u00f3pria Consci\u00eancia, para dentro daquilo a que chamamos de \u2018Electrum\u2019, a partir do qual a energia pode ent\u00e3o ser finalmente trazida dos estados cristalinos, que equivalem ao pr\u00f3prio dom\u00ednio das ideias, ent\u00e3o ativadas pela escolha de\u2026 Receber.<\/p>\n\n\n\n<p>Algo que procede da Consci\u00eancia, atravessando os dom\u00ednios cristalinos e estados eletr\u00f4nicos, chegando ent\u00e3o \u00e0 sua conhecida realidade material, abrindo seu caminho, se voc\u00eas assim escolherem, atrav\u00e9s da respira\u00e7\u00e3o, de maneira bastante simples e eficiente, para suas pr\u00f3prias vidas, ap\u00f3s o qu\u00ea haver\u00e1 bem pouco que voc\u00eas ainda precisem fazer.<\/p>\n\n\n\n<p>~ Adamus<\/p>\n\n\n\n<p>Formata\u00e7\u00e3o \u2013 DE CORA\u00c7\u00c3O A CORA\u00c7\u00c3O<\/p>\n\n\n\n<figure class=\"wp-block-embed\"><div class=\"wp-block-embed__wrapper\">\nhttp:\/\/www.decoracaoacoracao.blog.br\/\n<\/div><\/figure>\n\n\n\n<figure class=\"wp-block-embed\"><div class=\"wp-block-embed__wrapper\">\nhttp:\/\/stelalecocq.blogspot.com\n<\/div><\/figure>\n\n\n\n<figure class=\"wp-block-embed\"><div class=\"wp-block-embed__wrapper\">\nhttps:\/\/lecocq.wordpress.com\n<\/div><\/figure>\n\n\n\n<p>Instagram \u2013 @blogdecoracaoacoracao<\/p>\n\n\n\n<p>Informa\u00e7\u00f5es e Agendamentos para Mesa Qu\u00e2ntica Estelar, Mesa Pet, Mesa Qu\u00e2ntica 2.0, Sistema Regenerador Ashtariano, Sistema Arcturiano de Cura Multidimensional \u2013 lecocqmuller@gmail.com<\/p>\n\n\n\n<p>Respeite todos os cr\u00e9ditos ao compartilhar<\/p>\n\n\n\n<p>LUZ!<\/p>\n\n\n\n<p>STELA<\/p>\n","protected":false},"excerpt":{"rendered":"<p>Adamus Saint Germain Atrav\u00e9s de Geoffrey Hoppe A RESPIRA\u00c7\u00c3O DO RECEBER Respiremos juntos profundamente\u2026 Comecemos com A Respira\u00e7\u00e3o do Receber\u2026 A Respira\u00e7\u00e3o do Receber\u2026 Algo que encorajo a todos que fa\u00e7am como sua primeira a\u00e7\u00e3o pela manh\u00e3 e tamb\u00e9m a \u00faltima coisa do dia \u2013 ou seja \u2013 uma das coisas mais f\u00e1ceis que voc\u00eas [&hellip;]<\/p>\n","protected":false},"author":1,"featured_media":0,"comment_status":"open","ping_status":"open","sticky":false,"template":"","format":"standard","meta":{"_mi_skip_tracking":false},"categories":[3],"tags":[],"_links":{"self":[{"href":"https:\/\/www.miguelfaccio.com.br\/blog\/index.php\/wp-json\/wp\/v2\/posts\/16865"}],"collection":[{"href":"https:\/\/www.miguelfaccio.com.br\/blog\/index.php\/wp-json\/wp\/v2\/posts"}],"about":[{"href":"https:\/\/www.miguelfaccio.com.br\/blog\/index.php\/wp-json\/wp\/v2\/types\/post"}],"author":[{"embeddable":true,"href":"https:\/\/www.miguelfaccio.com.br\/blog\/index.php\/wp-json\/wp\/v2\/users\/1"}],"replies":[{"embeddable":true,"href":"https:\/\/www.miguelfaccio.com.br\/blog\/index.php\/wp-json\/wp\/v2\/comments?post=16865"}],"version-history":[{"count":1,"href":"https:\/\/www.miguelfaccio.com.br\/blog\/index.php\/wp-json\/wp\/v2\/posts\/16865\/revisions"}],"predecessor-version":[{"id":16866,"href":"https:\/\/www.miguelfaccio.com.br\/blog\/index.php\/wp-json\/wp\/v2\/posts\/16865\/revisions\/16866"}],"wp:attachment":[{"href":"https:\/\/www.miguelfaccio.com.br\/blog\/index.php\/wp-json\/wp\/v2\/media?parent=16865"}],"wp:term":[{"taxonomy":"category","embeddable":true,"href":"https:\/\/www.miguelfaccio.com.br\/blog\/index.php\/wp-json\/wp\/v2\/categories?post=16865"},{"taxonomy":"post_tag","embeddable":true,"href":"https:\/\/www.miguelfaccio.com.br\/blog\/index.php\/wp-json\/wp\/v2\/tags?post=16865"}],"curies":[{"name":"wp","href":"https:\/\/api.w.org\/{rel}","templated":true}]}}