{"id":16863,"date":"2023-10-27T08:28:57","date_gmt":"2023-10-27T11:28:57","guid":{"rendered":"https:\/\/www.miguelfaccio.com.br\/blog\/?p=16863"},"modified":"2023-10-27T08:29:00","modified_gmt":"2023-10-27T11:29:00","slug":"plv3543-livro-24-diario-21-05-2021","status":"publish","type":"post","link":"https:\/\/www.miguelfaccio.com.br\/blog\/index.php\/plv3543-livro-24-diario-21-05-2021\/","title":{"rendered":"PLV3543 &#8211; Livro 24 &#8211; Di\u00e1rio, 21\/05\/2021"},"content":{"rendered":"\n<p class=\"has-text-align-right\"><strong>21\/05\/2021<\/strong><\/p>\n\n\n\n<p>Consegue-se ver a necessidade urgente de transforma\u00e7\u00f5es que a Terra est\u00e1 passando e que a humanidade, ainda inconsciente disso, dever\u00e1 come\u00e7ar a sentir logo. Para muitos, os insens\u00edveis espirituais, passar\u00e1 como uma tempestade qualquer. Outros muitos sentir\u00e3o na pele que algo est\u00e1 se transformando e os est\u00e1 afetando, digamos assim, de forma direta, e n\u00e3o conseguem ver qualquer sa\u00edda. Outros est\u00e3o conseguindo sentir e perceber a solapa\u00e7\u00e3o que est\u00e1 sendo feita no reino das trevas e que, quando vier \u00e0 tona, ser\u00e1 um \u201cDeus nos acuda\u201d, pelos servidores das trevas e seus asseclas. Um dia, precisa terminar. Um dia, a coisa tem que mudar. Um dia, e est\u00e1 pr\u00f3ximo, a luz do cordeiro ir\u00e1 luminar novamente este planeta azul. H\u00e1 bastante tempo que est\u00e1 sendo planejada essa subida da Terra para a quinta dimens\u00e3o. Nada pode ser feito \u00e0s pressas. S\u00e3o enormes quantidades de etapas que precisam ser vencidas e fixadas para que no final surja a completa modifica\u00e7\u00e3o energ\u00e9tica da Terra que lhe dar\u00e1 a entrada na quinta dimens\u00e3o. Todas as energias, tanto f\u00edsicas como espirituais, precisam vibrar j\u00e1 na quinta dimens\u00e3o. Aquelas energias que n\u00e3o se coadunam com a nova energia da Terra precisam ser extirpadas, e h\u00e1 muita gente que ainda se encontra vinculada a essas energias. Da\u00ed a necessidade urgente de transforma\u00e7\u00e3o interior, porque o homem velho est\u00e1 indo embora e s\u00f3 ter\u00e1 lugar para o homem novo.<\/p>\n","protected":false},"excerpt":{"rendered":"<p>21\/05\/2021 Consegue-se ver a necessidade urgente de transforma\u00e7\u00f5es que a Terra est\u00e1 passando e que a humanidade, ainda inconsciente disso, dever\u00e1 come\u00e7ar a sentir logo. Para muitos, os insens\u00edveis espirituais, passar\u00e1 como uma tempestade qualquer. Outros muitos sentir\u00e3o na pele que algo est\u00e1 se transformando e os est\u00e1 afetando, digamos assim, de forma direta, e [&hellip;]<\/p>\n","protected":false},"author":1,"featured_media":0,"comment_status":"open","ping_status":"open","sticky":false,"template":"","format":"standard","meta":{"_mi_skip_tracking":false},"categories":[30],"tags":[],"_links":{"self":[{"href":"https:\/\/www.miguelfaccio.com.br\/blog\/index.php\/wp-json\/wp\/v2\/posts\/16863"}],"collection":[{"href":"https:\/\/www.miguelfaccio.com.br\/blog\/index.php\/wp-json\/wp\/v2\/posts"}],"about":[{"href":"https:\/\/www.miguelfaccio.com.br\/blog\/index.php\/wp-json\/wp\/v2\/types\/post"}],"author":[{"embeddable":true,"href":"https:\/\/www.miguelfaccio.com.br\/blog\/index.php\/wp-json\/wp\/v2\/users\/1"}],"replies":[{"embeddable":true,"href":"https:\/\/www.miguelfaccio.com.br\/blog\/index.php\/wp-json\/wp\/v2\/comments?post=16863"}],"version-history":[{"count":1,"href":"https:\/\/www.miguelfaccio.com.br\/blog\/index.php\/wp-json\/wp\/v2\/posts\/16863\/revisions"}],"predecessor-version":[{"id":16864,"href":"https:\/\/www.miguelfaccio.com.br\/blog\/index.php\/wp-json\/wp\/v2\/posts\/16863\/revisions\/16864"}],"wp:attachment":[{"href":"https:\/\/www.miguelfaccio.com.br\/blog\/index.php\/wp-json\/wp\/v2\/media?parent=16863"}],"wp:term":[{"taxonomy":"category","embeddable":true,"href":"https:\/\/www.miguelfaccio.com.br\/blog\/index.php\/wp-json\/wp\/v2\/categories?post=16863"},{"taxonomy":"post_tag","embeddable":true,"href":"https:\/\/www.miguelfaccio.com.br\/blog\/index.php\/wp-json\/wp\/v2\/tags?post=16863"}],"curies":[{"name":"wp","href":"https:\/\/api.w.org\/{rel}","templated":true}]}}